{"id":4367,"date":"2020-02-16T11:23:44","date_gmt":"2020-02-16T10:23:44","guid":{"rendered":"http:\/\/agora.xtec.cat\/escola-agora\/?p=4367"},"modified":"2020-02-16T11:23:44","modified_gmt":"2020-02-16T10:23:44","slug":"lectura-de-families-a-2n-2","status":"publish","type":"post","link":"https:\/\/agora.xtec.cat\/escola-agora\/cicleinicial\/lectura-de-families-a-2n-2\/","title":{"rendered":"Lectura de fam\u00edlies a 2n"},"content":{"rendered":"<p>Aquesta tarda a segon ha vingut a explicar-nos 2 contes la Maria Jos\u00e9, que \u00e9s la mare del Lluc (P5). Hem gaudit molt. Com ens agrada que ens llegeixin contes!! Gr\u00e0cies.<\/p>\n<table>\n<tbody>\n<tr>\n<td><a href=\"https:\/\/agora.xtec.cat\/escola-agora\/wp-content\/uploads\/usu616\/2020\/02\/IMG_20200214_151225.jpg\"><img loading=\"lazy\" decoding=\"async\" class=\"alignleft size-medium wp-image-4363\" src=\"https:\/\/agora.xtec.cat\/escola-agora\/wp-content\/uploads\/usu616\/2020\/02\/IMG_20200214_151225-300x225.jpg\" alt=\"\" width=\"300\" height=\"225\" srcset=\"https:\/\/agora.xtec.cat\/escola-agora\/wp-content\/uploads\/usu616\/2020\/02\/IMG_20200214_151225-300x225.jpg 300w, https:\/\/agora.xtec.cat\/escola-agora\/wp-content\/uploads\/usu616\/2020\/02\/IMG_20200214_151225-768x576.jpg 768w, https:\/\/agora.xtec.cat\/escola-agora\/wp-content\/uploads\/usu616\/2020\/02\/IMG_20200214_151225-1024x768.jpg 1024w, https:\/\/agora.xtec.cat\/escola-agora\/wp-content\/uploads\/usu616\/2020\/02\/IMG_20200214_151225-200x150.jpg 200w\" sizes=\"auto, (max-width: 300px) 100vw, 300px\" \/><\/a><\/td>\n<td><a href=\"https:\/\/agora.xtec.cat\/escola-agora\/wp-content\/uploads\/usu616\/2020\/02\/IMG_20200214_151258_1.jpg\"><img loading=\"lazy\" decoding=\"async\" class=\"alignleft size-medium wp-image-4364\" src=\"https:\/\/agora.xtec.cat\/escola-agora\/wp-content\/uploads\/usu616\/2020\/02\/IMG_20200214_151258_1-300x225.jpg\" alt=\"\" width=\"300\" height=\"225\" srcset=\"https:\/\/agora.xtec.cat\/escola-agora\/wp-content\/uploads\/usu616\/2020\/02\/IMG_20200214_151258_1-300x225.jpg 300w, https:\/\/agora.xtec.cat\/escola-agora\/wp-content\/uploads\/usu616\/2020\/02\/IMG_20200214_151258_1-768x576.jpg 768w, https:\/\/agora.xtec.cat\/escola-agora\/wp-content\/uploads\/usu616\/2020\/02\/IMG_20200214_151258_1-1024x768.jpg 1024w, https:\/\/agora.xtec.cat\/escola-agora\/wp-content\/uploads\/usu616\/2020\/02\/IMG_20200214_151258_1-200x150.jpg 200w\" sizes=\"auto, (max-width: 300px) 100vw, 300px\" \/><\/a><\/td>\n<\/tr>\n<tr>\n<td><a href=\"https:\/\/agora.xtec.cat\/escola-agora\/wp-content\/uploads\/usu616\/2020\/02\/IMG_20200214_152823.jpg\"><img loading=\"lazy\" decoding=\"async\" class=\"alignleft size-medium wp-image-4365\" src=\"https:\/\/agora.xtec.cat\/escola-agora\/wp-content\/uploads\/usu616\/2020\/02\/IMG_20200214_152823-300x225.jpg\" alt=\"\" width=\"300\" height=\"225\" srcset=\"https:\/\/agora.xtec.cat\/escola-agora\/wp-content\/uploads\/usu616\/2020\/02\/IMG_20200214_152823-300x225.jpg 300w, https:\/\/agora.xtec.cat\/escola-agora\/wp-content\/uploads\/usu616\/2020\/02\/IMG_20200214_152823-768x576.jpg 768w, https:\/\/agora.xtec.cat\/escola-agora\/wp-content\/uploads\/usu616\/2020\/02\/IMG_20200214_152823-1024x768.jpg 1024w, https:\/\/agora.xtec.cat\/escola-agora\/wp-content\/uploads\/usu616\/2020\/02\/IMG_20200214_152823-200x150.jpg 200w\" sizes=\"auto, (max-width: 300px) 100vw, 300px\" \/><\/a><\/td>\n<td><a href=\"https:\/\/agora.xtec.cat\/escola-agora\/wp-content\/uploads\/usu616\/2020\/02\/IMG_20200214_152836.jpg\"><img loading=\"lazy\" decoding=\"async\" class=\"alignleft size-medium wp-image-4366\" src=\"https:\/\/agora.xtec.cat\/escola-agora\/wp-content\/uploads\/usu616\/2020\/02\/IMG_20200214_152836-300x225.jpg\" alt=\"\" width=\"300\" height=\"225\" srcset=\"https:\/\/agora.xtec.cat\/escola-agora\/wp-content\/uploads\/usu616\/2020\/02\/IMG_20200214_152836-300x225.jpg 300w, https:\/\/agora.xtec.cat\/escola-agora\/wp-content\/uploads\/usu616\/2020\/02\/IMG_20200214_152836-768x576.jpg 768w, https:\/\/agora.xtec.cat\/escola-agora\/wp-content\/uploads\/usu616\/2020\/02\/IMG_20200214_152836-1024x768.jpg 1024w, https:\/\/agora.xtec.cat\/escola-agora\/wp-content\/uploads\/usu616\/2020\/02\/IMG_20200214_152836-200x150.jpg 200w\" sizes=\"auto, (max-width: 300px) 100vw, 300px\" \/><\/a><\/td>\n<\/tr>\n<\/tbody>\n<\/table>\n","protected":false},"excerpt":{"rendered":"<p>Aquesta tarda a segon ha vingut a explicar-nos 2 contes la Maria Jos\u00e9, que \u00e9s la mare del Lluc (P5)<\/p>\n","protected":false},"author":1,"featured_media":4363,"comment_status":"open","ping_status":"closed","sticky":false,"template":"","format":"standard","meta":{"_bbp_topic_count":0,"_bbp_reply_count":0,"_bbp_total_topic_count":0,"_bbp_total_reply_count":0,"_bbp_voice_count":0,"_bbp_anonymous_reply_count":0,"_bbp_topic_count_hidden":0,"_bbp_reply_count_hidden":0,"_bbp_forum_subforum_count":0,"site-sidebar-layout":"default","site-content-layout":"","ast-site-content-layout":"","site-content-style":"default","site-sidebar-style":"default","ast-global-header-display":"","ast-banner-title-visibility":"","ast-main-header-display":"","ast-hfb-above-header-display":"","ast-hfb-below-header-display":"","ast-hfb-mobile-header-display":"","site-post-title":"","ast-breadcrumbs-content":"","ast-featured-img":"","footer-sml-layout":"","theme-transparent-header-meta":"","adv-header-id-meta":"","stick-header-meta":"","header-above-stick-meta":"","header-main-stick-meta":"","header-below-stick-meta":"","astra-migrate-meta-layouts":"default","ast-page-background-enabled":"default","ast-page-background-meta":{"desktop":{"background-color":"var(--ast-global-color-4)","background-image":"","background-repeat":"repeat","background-position":"center center","background-size":"auto","background-attachment":"scroll","background-type":"","background-media":"","overlay-type":"","overlay-color":"","overlay-opacity":"","overlay-gradient":""},"tablet":{"background-color":"","background-image":"","background-repeat":"repeat","background-position":"center center","background-size":"auto","background-attachment":"scroll","background-type":"","background-media":"","overlay-type":"","overlay-color":"","overlay-opacity":"","overlay-gradient":""},"mobile":{"background-color":"","background-image":"","background-repeat":"repeat","background-position":"center center","background-size":"auto","background-attachment":"scroll","background-type":"","background-media":"","overlay-type":"","overlay-color":"","overlay-opacity":"","overlay-gradient":""}},"ast-content-background-meta":{"desktop":{"background-color":"var(--ast-global-color-5)","background-image":"","background-repeat":"repeat","background-position":"center center","background-size":"auto","background-attachment":"scroll","background-type":"","background-media":"","overlay-type":"","overlay-color":"","overlay-opacity":"","overlay-gradient":""},"tablet":{"background-color":"var(--ast-global-color-5)","background-image":"","background-repeat":"repeat","background-position":"center center","background-size":"auto","background-attachment":"scroll","background-type":"","background-media":"","overlay-type":"","overlay-color":"","overlay-opacity":"","overlay-gradient":""},"mobile":{"background-color":"var(--ast-global-color-5)","background-image":"","background-repeat":"repeat","background-position":"center center","background-size":"auto","background-attachment":"scroll","background-type":"","background-media":"","overlay-type":"","overlay-color":"","overlay-opacity":"","overlay-gradient":""}},"footnotes":""},"categories":[5],"tags":[52,68],"class_list":["post-4367","post","type-post","status-publish","format-standard","has-post-thumbnail","hentry","category-cicleinicial","tag-2n","tag-lectura-de-families"],"post_mailing_queue_ids":[],"_links":{"self":[{"href":"https:\/\/agora.xtec.cat\/escola-agora\/wp-json\/wp\/v2\/posts\/4367","targetHints":{"allow":["GET"]}}],"collection":[{"href":"https:\/\/agora.xtec.cat\/escola-agora\/wp-json\/wp\/v2\/posts"}],"about":[{"href":"https:\/\/agora.xtec.cat\/escola-agora\/wp-json\/wp\/v2\/types\/post"}],"author":[{"embeddable":true,"href":"https:\/\/agora.xtec.cat\/escola-agora\/wp-json\/wp\/v2\/users\/1"}],"replies":[{"embeddable":true,"href":"https:\/\/agora.xtec.cat\/escola-agora\/wp-json\/wp\/v2\/comments?post=4367"}],"version-history":[{"count":1,"href":"https:\/\/agora.xtec.cat\/escola-agora\/wp-json\/wp\/v2\/posts\/4367\/revisions"}],"predecessor-version":[{"id":4368,"href":"https:\/\/agora.xtec.cat\/escola-agora\/wp-json\/wp\/v2\/posts\/4367\/revisions\/4368"}],"wp:featuredmedia":[{"embeddable":true,"href":"https:\/\/agora.xtec.cat\/escola-agora\/wp-json\/wp\/v2\/media\/4363"}],"wp:attachment":[{"href":"https:\/\/agora.xtec.cat\/escola-agora\/wp-json\/wp\/v2\/media?parent=4367"}],"wp:term":[{"taxonomy":"category","embeddable":true,"href":"https:\/\/agora.xtec.cat\/escola-agora\/wp-json\/wp\/v2\/categories?post=4367"},{"taxonomy":"post_tag","embeddable":true,"href":"https:\/\/agora.xtec.cat\/escola-agora\/wp-json\/wp\/v2\/tags?post=4367"}],"curies":[{"name":"wp","href":"https:\/\/api.w.org\/{rel}","templated":true}]}}