{"id":4635,"date":"2023-04-26T13:53:44","date_gmt":"2023-04-26T11:53:44","guid":{"rendered":"https:\/\/agora.xtec.cat\/escola-agora-girona\/?p=4635"},"modified":"2024-01-10T12:36:17","modified_gmt":"2024-01-10T11:36:17","slug":"venda-de-productes-de-lhort","status":"publish","type":"post","link":"https:\/\/agora.xtec.cat\/escola-agora-girona\/altres-cursos\/venda-de-productes-de-lhort\/","title":{"rendered":"Venda de productes de l&#8217;hort"},"content":{"rendered":"<p>Aquest mat\u00ed, uns quants nens i nenes de 5\u00e8 hem anat al Mercat del Lle\u00f3<a class=\"x1i10hfl xjbqb8w x6umtig x1b1mbwd xaqea5y xav7gou x9f619 x1ypdohk xt0psk2 xe8uvvx xdj266r x11i5rnm xat24cr x1mh8g0r xexx8yu x4uap5 x18d9i69 xkhd6sd x16tdsg8 x1hl2dhg xggy1nq x1a2a7pz notranslate _a6hd\" tabindex=\"0\" role=\"link\" href=\"https:\/\/www.instagram.com\/mercatlleo\/\">\u00a0<\/a>a vendre les hortalisses \u00a0que, durant tot el curs, els nens i nenes de l&#8217;escola \u00c0gora hem fet cr\u00e9ixer i n&#8217;hem tingut cura.<br \/>\nHem portat alls tendres, cebes, pastanagues i enciams per vendre. Tot ecol\u00f2gic! Un altre grup de 5\u00e8 vam ser els encarregats, ahir i aquest mat\u00ed, de recollir (i arrancar estiraaaant!\u00a0en alguns casos) les hortalisses, per dur-les ben fresques al mercat.<br \/>\nI la resta de nens i nenes de la classe, ens vam encarregar de posar preus i fer la cartellera. Ha estat un \u00e8xit!\u00a0Ho hem venut tot, menys les pastanagues, que no eren gaire maques, per\u00f2 s\u00ed molt tendres!<br \/>\nEns ha agradat molt l&#8217;experi\u00e8ncia, con\u00e8ixer el Mercat del Lle\u00f3, estar acompanyats de l&#8217;escola Montfalgars, con\u00e8ixer i fer-nos fotos amb l&#8217;alcaldessa de Girona!<\/p>\n<p><a href=\"https:\/\/agora.xtec.cat\/escola-agora-girona\/wp-content\/uploads\/usu383\/2023\/04\/IMG_3539.jpg\"><img loading=\"lazy\" decoding=\"async\" class=\"alignnone size-large wp-image-4637\" src=\"https:\/\/agora.xtec.cat\/escola-agora-girona\/wp-content\/uploads\/usu383\/2023\/04\/IMG_3539-1024x563.jpg\" alt=\"\" width=\"1024\" height=\"563\" srcset=\"https:\/\/agora.xtec.cat\/escola-agora-girona\/wp-content\/uploads\/usu383\/2023\/04\/IMG_3539-1024x563.jpg 1024w, https:\/\/agora.xtec.cat\/escola-agora-girona\/wp-content\/uploads\/usu383\/2023\/04\/IMG_3539-300x165.jpg 300w, https:\/\/agora.xtec.cat\/escola-agora-girona\/wp-content\/uploads\/usu383\/2023\/04\/IMG_3539-768x422.jpg 768w, https:\/\/agora.xtec.cat\/escola-agora-girona\/wp-content\/uploads\/usu383\/2023\/04\/IMG_3539.jpg 1179w\" sizes=\"auto, (max-width: 1024px) 100vw, 1024px\" \/><\/a><\/p>\n<p><a href=\"https:\/\/agora.xtec.cat\/escola-agora-girona\/wp-content\/uploads\/usu383\/2023\/04\/IMG_3540.jpg\"><img loading=\"lazy\" decoding=\"async\" class=\"alignnone size-large wp-image-4638\" src=\"https:\/\/agora.xtec.cat\/escola-agora-girona\/wp-content\/uploads\/usu383\/2023\/04\/IMG_3540-1024x569.jpg\" alt=\"\" width=\"1024\" height=\"569\" srcset=\"https:\/\/agora.xtec.cat\/escola-agora-girona\/wp-content\/uploads\/usu383\/2023\/04\/IMG_3540-1024x569.jpg 1024w, https:\/\/agora.xtec.cat\/escola-agora-girona\/wp-content\/uploads\/usu383\/2023\/04\/IMG_3540-300x167.jpg 300w, https:\/\/agora.xtec.cat\/escola-agora-girona\/wp-content\/uploads\/usu383\/2023\/04\/IMG_3540-768x427.jpg 768w, https:\/\/agora.xtec.cat\/escola-agora-girona\/wp-content\/uploads\/usu383\/2023\/04\/IMG_3540.jpg 1179w\" sizes=\"auto, (max-width: 1024px) 100vw, 1024px\" \/><\/a><\/p>\n<p><a href=\"https:\/\/agora.xtec.cat\/escola-agora-girona\/wp-content\/uploads\/usu383\/2023\/04\/IMG_3541.jpg\"><img loading=\"lazy\" decoding=\"async\" class=\"alignnone size-large wp-image-4639\" src=\"https:\/\/agora.xtec.cat\/escola-agora-girona\/wp-content\/uploads\/usu383\/2023\/04\/IMG_3541-1024x567.jpg\" alt=\"\" width=\"1024\" height=\"567\" srcset=\"https:\/\/agora.xtec.cat\/escola-agora-girona\/wp-content\/uploads\/usu383\/2023\/04\/IMG_3541-1024x567.jpg 1024w, https:\/\/agora.xtec.cat\/escola-agora-girona\/wp-content\/uploads\/usu383\/2023\/04\/IMG_3541-300x166.jpg 300w, https:\/\/agora.xtec.cat\/escola-agora-girona\/wp-content\/uploads\/usu383\/2023\/04\/IMG_3541-768x425.jpg 768w, https:\/\/agora.xtec.cat\/escola-agora-girona\/wp-content\/uploads\/usu383\/2023\/04\/IMG_3541.jpg 1179w\" sizes=\"auto, (max-width: 1024px) 100vw, 1024px\" \/><\/a><\/p>\n<p><a href=\"https:\/\/agora.xtec.cat\/escola-agora-girona\/wp-content\/uploads\/usu383\/2023\/04\/IMG_3542.jpg\"><img loading=\"lazy\" decoding=\"async\" class=\"alignnone size-large wp-image-4640\" src=\"https:\/\/agora.xtec.cat\/escola-agora-girona\/wp-content\/uploads\/usu383\/2023\/04\/IMG_3542-1024x571.jpg\" alt=\"\" width=\"1024\" height=\"571\" srcset=\"https:\/\/agora.xtec.cat\/escola-agora-girona\/wp-content\/uploads\/usu383\/2023\/04\/IMG_3542-1024x571.jpg 1024w, https:\/\/agora.xtec.cat\/escola-agora-girona\/wp-content\/uploads\/usu383\/2023\/04\/IMG_3542-300x167.jpg 300w, https:\/\/agora.xtec.cat\/escola-agora-girona\/wp-content\/uploads\/usu383\/2023\/04\/IMG_3542-768x428.jpg 768w, https:\/\/agora.xtec.cat\/escola-agora-girona\/wp-content\/uploads\/usu383\/2023\/04\/IMG_3542.jpg 1179w\" sizes=\"auto, (max-width: 1024px) 100vw, 1024px\" \/><\/a><\/p>\n<p><a href=\"https:\/\/agora.xtec.cat\/escola-agora-girona\/wp-content\/uploads\/usu383\/2023\/04\/IMG_3543.jpg\"><img loading=\"lazy\" decoding=\"async\" class=\"alignnone size-large wp-image-4641\" src=\"https:\/\/agora.xtec.cat\/escola-agora-girona\/wp-content\/uploads\/usu383\/2023\/04\/IMG_3543-1024x566.jpg\" alt=\"\" width=\"1024\" height=\"566\" srcset=\"https:\/\/agora.xtec.cat\/escola-agora-girona\/wp-content\/uploads\/usu383\/2023\/04\/IMG_3543-1024x566.jpg 1024w, https:\/\/agora.xtec.cat\/escola-agora-girona\/wp-content\/uploads\/usu383\/2023\/04\/IMG_3543-300x166.jpg 300w, https:\/\/agora.xtec.cat\/escola-agora-girona\/wp-content\/uploads\/usu383\/2023\/04\/IMG_3543-768x425.jpg 768w, https:\/\/agora.xtec.cat\/escola-agora-girona\/wp-content\/uploads\/usu383\/2023\/04\/IMG_3543.jpg 1179w\" sizes=\"auto, (max-width: 1024px) 100vw, 1024px\" \/><\/a><\/p>\n<p>&nbsp;<\/p>\n","protected":false},"excerpt":{"rendered":"<p>Aquest mat\u00ed, uns quants nens i nenes de 5\u00e8 hem anat al Mercat del Lle\u00f3\u00a0a vendre les hortalisses \u00a0que, durant tot el curs, els nens i nenes de l&#8217;escola \u00c0gora hem fet cr\u00e9ixer i n&#8217;hem tingut cura. Hem portat alls tendres, cebes, pastanagues i enciams per vendre. Tot ecol\u00f2gic! Un altre grup de 5\u00e8 vam [&hellip;]<\/p>\n","protected":false},"author":1,"featured_media":4636,"comment_status":"open","ping_status":"closed","sticky":false,"template":"","format":"standard","meta":{"_bbp_topic_count":0,"_bbp_reply_count":0,"_bbp_total_topic_count":0,"_bbp_total_reply_count":0,"_bbp_voice_count":0,"_bbp_anonymous_reply_count":0,"_bbp_topic_count_hidden":0,"_bbp_reply_count_hidden":0,"_bbp_forum_subforum_count":0,"site-sidebar-layout":"default","site-content-layout":"","ast-site-content-layout":"","site-content-style":"default","site-sidebar-style":"default","ast-global-header-display":"","ast-banner-title-visibility":"","ast-main-header-display":"","ast-hfb-above-header-display":"","ast-hfb-below-header-display":"","ast-hfb-mobile-header-display":"","site-post-title":"","ast-breadcrumbs-content":"","ast-featured-img":"","footer-sml-layout":"","theme-transparent-header-meta":"","adv-header-id-meta":"","stick-header-meta":"","header-above-stick-meta":"","header-main-stick-meta":"","header-below-stick-meta":"","astra-migrate-meta-layouts":"default","ast-page-background-enabled":"default","ast-page-background-meta":{"desktop":{"background-color":"var(--ast-global-color-4)","background-image":"","background-repeat":"repeat","background-position":"center center","background-size":"auto","background-attachment":"scroll","background-type":"","background-media":"","overlay-type":"","overlay-color":"","overlay-opacity":"","overlay-gradient":""},"tablet":{"background-color":"","background-image":"","background-repeat":"repeat","background-position":"center center","background-size":"auto","background-attachment":"scroll","background-type":"","background-media":"","overlay-type":"","overlay-color":"","overlay-opacity":"","overlay-gradient":""},"mobile":{"background-color":"","background-image":"","background-repeat":"repeat","background-position":"center center","background-size":"auto","background-attachment":"scroll","background-type":"","background-media":"","overlay-type":"","overlay-color":"","overlay-opacity":"","overlay-gradient":""}},"ast-content-background-meta":{"desktop":{"background-color":"var(--ast-global-color-5)","background-image":"","background-repeat":"repeat","background-position":"center center","background-size":"auto","background-attachment":"scroll","background-type":"","background-media":"","overlay-type":"","overlay-color":"","overlay-opacity":"","overlay-gradient":""},"tablet":{"background-color":"var(--ast-global-color-5)","background-image":"","background-repeat":"repeat","background-position":"center center","background-size":"auto","background-attachment":"scroll","background-type":"","background-media":"","overlay-type":"","overlay-color":"","overlay-opacity":"","overlay-gradient":""},"mobile":{"background-color":"var(--ast-global-color-5)","background-image":"","background-repeat":"repeat","background-position":"center center","background-size":"auto","background-attachment":"scroll","background-type":"","background-media":"","overlay-type":"","overlay-color":"","overlay-opacity":"","overlay-gradient":""}},"footnotes":""},"categories":[198],"tags":[],"class_list":["post-4635","post","type-post","status-publish","format-standard","has-post-thumbnail","hentry","category-altres-cursos"],"post_mailing_queue_ids":[],"_links":{"self":[{"href":"https:\/\/agora.xtec.cat\/escola-agora-girona\/wp-json\/wp\/v2\/posts\/4635","targetHints":{"allow":["GET"]}}],"collection":[{"href":"https:\/\/agora.xtec.cat\/escola-agora-girona\/wp-json\/wp\/v2\/posts"}],"about":[{"href":"https:\/\/agora.xtec.cat\/escola-agora-girona\/wp-json\/wp\/v2\/types\/post"}],"author":[{"embeddable":true,"href":"https:\/\/agora.xtec.cat\/escola-agora-girona\/wp-json\/wp\/v2\/users\/1"}],"replies":[{"embeddable":true,"href":"https:\/\/agora.xtec.cat\/escola-agora-girona\/wp-json\/wp\/v2\/comments?post=4635"}],"version-history":[{"count":2,"href":"https:\/\/agora.xtec.cat\/escola-agora-girona\/wp-json\/wp\/v2\/posts\/4635\/revisions"}],"predecessor-version":[{"id":4643,"href":"https:\/\/agora.xtec.cat\/escola-agora-girona\/wp-json\/wp\/v2\/posts\/4635\/revisions\/4643"}],"wp:featuredmedia":[{"embeddable":true,"href":"https:\/\/agora.xtec.cat\/escola-agora-girona\/wp-json\/wp\/v2\/media\/4636"}],"wp:attachment":[{"href":"https:\/\/agora.xtec.cat\/escola-agora-girona\/wp-json\/wp\/v2\/media?parent=4635"}],"wp:term":[{"taxonomy":"category","embeddable":true,"href":"https:\/\/agora.xtec.cat\/escola-agora-girona\/wp-json\/wp\/v2\/categories?post=4635"},{"taxonomy":"post_tag","embeddable":true,"href":"https:\/\/agora.xtec.cat\/escola-agora-girona\/wp-json\/wp\/v2\/tags?post=4635"}],"curies":[{"name":"wp","href":"https:\/\/api.w.org\/{rel}","templated":true}]}}