{"id":9657,"date":"2019-06-11T10:43:15","date_gmt":"2019-06-11T08:43:15","guid":{"rendered":"http:\/\/agora.xtec.cat\/escola-abelferrater\/?p=9657"},"modified":"2019-06-11T10:43:15","modified_gmt":"2019-06-11T08:43:15","slug":"premis-literaris-defensa-agraria","status":"publish","type":"post","link":"https:\/\/agora.xtec.cat\/escola-abelferrater\/portada\/premis-literaris-defensa-agraria\/","title":{"rendered":"Premis Literaris Defensa Agr\u00e0ria"},"content":{"rendered":"<p>El passat diumenge dia 9 de juny es van atorgar els Premis Literaris de la Defensa Agr\u00e0ria, la seva 48a edici\u00f3, en els quals cada any els alumnes de sis\u00e8 de l&#8217;escola hi participem.<\/p>\n<p>Estem molt contents i contentes perqu\u00e8 aquest any, l&#8217;Aran Fortuny i l&#8217;Alex Mart\u00ednez han guanyat el primer i el segon lloc, respectivament, del Premi Aureli Capmany amb les seves hist\u00f2ries: <em>Una nena estranya<\/em> i <em>L&#8217;Arroba<\/em>.<\/p>\n<p>Aquest premi \u00e9s un reconeixement a la seva imaginaci\u00f3 i creativitat a l&#8217;hora d&#8217;escriure hist\u00f2ries i d&#8217;entendre el m\u00f3n. Enhorabona!<\/p>\n<p><a href=\"https:\/\/agora.xtec.cat\/escola-abelferrater\/wp-content\/uploads\/usu1450\/2019\/06\/IMG-20190610-WA0033.jpg\"><img loading=\"lazy\" decoding=\"async\" class=\"alignnone size-large wp-image-9659\" src=\"https:\/\/agora.xtec.cat\/escola-abelferrater\/wp-content\/uploads\/usu1450\/2019\/06\/IMG-20190610-WA0033-575x1024.jpg\" alt=\"\" width=\"575\" height=\"1024\" srcset=\"https:\/\/agora.xtec.cat\/escola-abelferrater\/wp-content\/uploads\/usu1450\/2019\/06\/IMG-20190610-WA0033-575x1024.jpg 575w, https:\/\/agora.xtec.cat\/escola-abelferrater\/wp-content\/uploads\/usu1450\/2019\/06\/IMG-20190610-WA0033-168x300.jpg 168w, https:\/\/agora.xtec.cat\/escola-abelferrater\/wp-content\/uploads\/usu1450\/2019\/06\/IMG-20190610-WA0033-768x1368.jpg 768w, https:\/\/agora.xtec.cat\/escola-abelferrater\/wp-content\/uploads\/usu1450\/2019\/06\/IMG-20190610-WA0033.jpg 898w\" sizes=\"auto, (max-width: 575px) 100vw, 575px\" \/><\/a><a href=\"https:\/\/agora.xtec.cat\/escola-abelferrater\/wp-content\/uploads\/usu1450\/2019\/06\/63e244e2-fb5b-4ed2-8c34-4e600ec76f2a.jpg\"><img loading=\"lazy\" decoding=\"async\" class=\"alignnone size-large wp-image-9658\" src=\"https:\/\/agora.xtec.cat\/escola-abelferrater\/wp-content\/uploads\/usu1450\/2019\/06\/63e244e2-fb5b-4ed2-8c34-4e600ec76f2a-768x1024.jpg\" alt=\"\" width=\"768\" height=\"1024\" srcset=\"https:\/\/agora.xtec.cat\/escola-abelferrater\/wp-content\/uploads\/usu1450\/2019\/06\/63e244e2-fb5b-4ed2-8c34-4e600ec76f2a-768x1024.jpg 768w, https:\/\/agora.xtec.cat\/escola-abelferrater\/wp-content\/uploads\/usu1450\/2019\/06\/63e244e2-fb5b-4ed2-8c34-4e600ec76f2a-225x300.jpg 225w, https:\/\/agora.xtec.cat\/escola-abelferrater\/wp-content\/uploads\/usu1450\/2019\/06\/63e244e2-fb5b-4ed2-8c34-4e600ec76f2a.jpg 1200w\" sizes=\"auto, (max-width: 768px) 100vw, 768px\" \/><\/a><\/p>\n<p>Us deixem l&#8217;enlla\u00e7 per accedir a les seves hist\u00f2ries per si voleu llegir-les, segur que us encanten!<\/p>\n<p><a href=\"https:\/\/agora.xtec.cat\/escola-abelferrater\/wp-content\/uploads\/usu1450\/2019\/06\/LARROBA.docx\">L&#8217;ARROBA<\/a> &#8211; Alex Mart\u00ednez<\/p>\n<p><a href=\"https:\/\/agora.xtec.cat\/escola-abelferrater\/wp-content\/uploads\/usu1450\/2019\/06\/UNA-NENA-ESTRANYA.docx\">UNA NENA ESTRANYA<\/a> &#8211; Aran Fortuny<\/p>\n","protected":false},"excerpt":{"rendered":"<p>El passat diumenge dia 9 de juny es van atorgar els Premis Literaris de la Defensa Agr\u00e0ria, la seva 48a edici\u00f3, en els quals cada any els alumnes de sis\u00e8 de l&#8217;escola hi participem. Estem molt contents i contentes perqu\u00e8 aquest any, l&#8217;Aran Fortuny i l&#8217;Alex Mart\u00ednez han guanyat el primer i el segon lloc, [&hellip;]<\/p>\n","protected":false},"author":1,"featured_media":9658,"comment_status":"open","ping_status":"closed","sticky":false,"template":"","format":"standard","meta":{"_bbp_topic_count":0,"_bbp_reply_count":0,"_bbp_total_topic_count":0,"_bbp_total_reply_count":0,"_bbp_voice_count":0,"_bbp_anonymous_reply_count":0,"_bbp_topic_count_hidden":0,"_bbp_reply_count_hidden":0,"_bbp_forum_subforum_count":0,"site-sidebar-layout":"default","site-content-layout":"","ast-site-content-layout":"","site-content-style":"default","site-sidebar-style":"default","ast-global-header-display":"","ast-banner-title-visibility":"","ast-main-header-display":"","ast-hfb-above-header-display":"","ast-hfb-below-header-display":"","ast-hfb-mobile-header-display":"","site-post-title":"","ast-breadcrumbs-content":"","ast-featured-img":"","footer-sml-layout":"","theme-transparent-header-meta":"","adv-header-id-meta":"","stick-header-meta":"","header-above-stick-meta":"","header-main-stick-meta":"","header-below-stick-meta":"","astra-migrate-meta-layouts":"default","ast-page-background-enabled":"default","ast-page-background-meta":{"desktop":{"background-color":"var(--ast-global-color-4)","background-image":"","background-repeat":"repeat","background-position":"center center","background-size":"auto","background-attachment":"scroll","background-type":"","background-media":"","overlay-type":"","overlay-color":"","overlay-opacity":"","overlay-gradient":""},"tablet":{"background-color":"","background-image":"","background-repeat":"repeat","background-position":"center center","background-size":"auto","background-attachment":"scroll","background-type":"","background-media":"","overlay-type":"","overlay-color":"","overlay-opacity":"","overlay-gradient":""},"mobile":{"background-color":"","background-image":"","background-repeat":"repeat","background-position":"center center","background-size":"auto","background-attachment":"scroll","background-type":"","background-media":"","overlay-type":"","overlay-color":"","overlay-opacity":"","overlay-gradient":""}},"ast-content-background-meta":{"desktop":{"background-color":"var(--ast-global-color-5)","background-image":"","background-repeat":"repeat","background-position":"center center","background-size":"auto","background-attachment":"scroll","background-type":"","background-media":"","overlay-type":"","overlay-color":"","overlay-opacity":"","overlay-gradient":""},"tablet":{"background-color":"var(--ast-global-color-5)","background-image":"","background-repeat":"repeat","background-position":"center center","background-size":"auto","background-attachment":"scroll","background-type":"","background-media":"","overlay-type":"","overlay-color":"","overlay-opacity":"","overlay-gradient":""},"mobile":{"background-color":"var(--ast-global-color-5)","background-image":"","background-repeat":"repeat","background-position":"center center","background-size":"auto","background-attachment":"scroll","background-type":"","background-media":"","overlay-type":"","overlay-color":"","overlay-opacity":"","overlay-gradient":""}},"footnotes":""},"categories":[4],"tags":[399,534,536,535],"class_list":["post-9657","post","type-post","status-publish","format-standard","has-post-thumbnail","hentry","category-portada","tag-creativitat","tag-escrivim","tag-imaginacio","tag-premisliteraris"],"post_mailing_queue_ids":[],"_links":{"self":[{"href":"https:\/\/agora.xtec.cat\/escola-abelferrater\/wp-json\/wp\/v2\/posts\/9657","targetHints":{"allow":["GET"]}}],"collection":[{"href":"https:\/\/agora.xtec.cat\/escola-abelferrater\/wp-json\/wp\/v2\/posts"}],"about":[{"href":"https:\/\/agora.xtec.cat\/escola-abelferrater\/wp-json\/wp\/v2\/types\/post"}],"author":[{"embeddable":true,"href":"https:\/\/agora.xtec.cat\/escola-abelferrater\/wp-json\/wp\/v2\/users\/1"}],"replies":[{"embeddable":true,"href":"https:\/\/agora.xtec.cat\/escola-abelferrater\/wp-json\/wp\/v2\/comments?post=9657"}],"version-history":[{"count":1,"href":"https:\/\/agora.xtec.cat\/escola-abelferrater\/wp-json\/wp\/v2\/posts\/9657\/revisions"}],"predecessor-version":[{"id":9662,"href":"https:\/\/agora.xtec.cat\/escola-abelferrater\/wp-json\/wp\/v2\/posts\/9657\/revisions\/9662"}],"wp:featuredmedia":[{"embeddable":true,"href":"https:\/\/agora.xtec.cat\/escola-abelferrater\/wp-json\/wp\/v2\/media\/9658"}],"wp:attachment":[{"href":"https:\/\/agora.xtec.cat\/escola-abelferrater\/wp-json\/wp\/v2\/media?parent=9657"}],"wp:term":[{"taxonomy":"category","embeddable":true,"href":"https:\/\/agora.xtec.cat\/escola-abelferrater\/wp-json\/wp\/v2\/categories?post=9657"},{"taxonomy":"post_tag","embeddable":true,"href":"https:\/\/agora.xtec.cat\/escola-abelferrater\/wp-json\/wp\/v2\/tags?post=9657"}],"curies":[{"name":"wp","href":"https:\/\/api.w.org\/{rel}","templated":true}]}}