{"id":9090,"date":"2019-04-10T11:08:16","date_gmt":"2019-04-10T09:08:16","guid":{"rendered":"http:\/\/agora.xtec.cat\/escola-abelferrater\/?p=9090"},"modified":"2019-04-10T14:22:07","modified_gmt":"2019-04-10T12:22:07","slug":"un-altre-exit-en-el-musical-tut-tut","status":"publish","type":"post","link":"https:\/\/agora.xtec.cat\/escola-abelferrater\/portada\/un-altre-exit-en-el-musical-tut-tut\/","title":{"rendered":"UN ALTRE \u00c8XIT: EL MUSICAL &#8220;TUT TUT&#8221;"},"content":{"rendered":"<p>Els alumnes de 4t de prim\u00e0ria de les escoles del poble, juntament amb el Cor X i solistes de l&#8217;Escola Municipal de M\u00fasica han preparat un any m\u00e9s un musical. Enguany us hem ofert <strong>Tut Tut<\/strong>, de Denver Casado i David Hudson, publicat per Beat by beat, de Nova York.<\/p>\n<p>Les representacions s&#8217;han realitzat al teatre de la Defensa Agr\u00e0ria, els dies 6, 7, 8 i 9 d&#8217;abril a la tarda. \u00c9s la setena edici\u00f3, del muntatge del projecte interdisciplinar que engloba des del cant en angl\u00e8s, la interpretaci\u00f3 en catal\u00e0 i la confecci\u00f3 del vestuari a l&#8217;\u00e0rea de pl\u00e0stica.<\/p>\n<p>Totes les representacions han omplert l&#8217;aforament de la sala Josep Fortuny del teatre de la Defensa Agr\u00e0ria. Tot aix\u00f2 ha estat possible gr\u00e0cies a la col\u00b7laboraci\u00f3 dels alumnes i les fam\u00edlies que s&#8217;han implicat en el projecte.<\/p>\n<table style=\"border-collapse: collapse; width: 100%;\" border=\"1\">\n<tbody>\n<tr>\n<td style=\"width: 33.3333%;\"><a href=\"https:\/\/photos.app.goo.gl\/xYe1A2piMf8pW3QX9\"><img loading=\"lazy\" decoding=\"async\" class=\"aligncenter wp-image-9094 size-medium\" src=\"https:\/\/agora.xtec.cat\/escola-abelferrater\/wp-content\/uploads\/usu1450\/2019\/04\/IMG_4113-300x225.jpg\" alt=\"\" width=\"300\" height=\"225\" srcset=\"https:\/\/agora.xtec.cat\/escola-abelferrater\/wp-content\/uploads\/usu1450\/2019\/04\/IMG_4113-300x225.jpg 300w, https:\/\/agora.xtec.cat\/escola-abelferrater\/wp-content\/uploads\/usu1450\/2019\/04\/IMG_4113-768x576.jpg 768w, https:\/\/agora.xtec.cat\/escola-abelferrater\/wp-content\/uploads\/usu1450\/2019\/04\/IMG_4113-1024x768.jpg 1024w, https:\/\/agora.xtec.cat\/escola-abelferrater\/wp-content\/uploads\/usu1450\/2019\/04\/IMG_4113-200x150.jpg 200w\" sizes=\"auto, (max-width: 300px) 100vw, 300px\" \/><\/a><\/td>\n<td style=\"width: 33.3333%;\"><a href=\"https:\/\/photos.app.goo.gl\/xYe1A2piMf8pW3QX9\"><img loading=\"lazy\" decoding=\"async\" class=\"aligncenter wp-image-9091 size-medium\" src=\"https:\/\/agora.xtec.cat\/escola-abelferrater\/wp-content\/uploads\/usu1450\/2019\/04\/IMG_4118-300x225.jpg\" alt=\"\" width=\"300\" height=\"225\" srcset=\"https:\/\/agora.xtec.cat\/escola-abelferrater\/wp-content\/uploads\/usu1450\/2019\/04\/IMG_4118-300x225.jpg 300w, https:\/\/agora.xtec.cat\/escola-abelferrater\/wp-content\/uploads\/usu1450\/2019\/04\/IMG_4118-768x576.jpg 768w, https:\/\/agora.xtec.cat\/escola-abelferrater\/wp-content\/uploads\/usu1450\/2019\/04\/IMG_4118-1024x768.jpg 1024w, https:\/\/agora.xtec.cat\/escola-abelferrater\/wp-content\/uploads\/usu1450\/2019\/04\/IMG_4118-200x150.jpg 200w\" sizes=\"auto, (max-width: 300px) 100vw, 300px\" \/><\/a><\/td>\n<td style=\"width: 33.3333%;\"><a href=\"https:\/\/photos.app.goo.gl\/xYe1A2piMf8pW3QX9\"><img loading=\"lazy\" decoding=\"async\" class=\"aligncenter wp-image-9092 size-medium\" src=\"https:\/\/agora.xtec.cat\/escola-abelferrater\/wp-content\/uploads\/usu1450\/2019\/04\/DANU6420-300x225.jpg\" alt=\"\" width=\"300\" height=\"225\" srcset=\"https:\/\/agora.xtec.cat\/escola-abelferrater\/wp-content\/uploads\/usu1450\/2019\/04\/DANU6420-300x225.jpg 300w, https:\/\/agora.xtec.cat\/escola-abelferrater\/wp-content\/uploads\/usu1450\/2019\/04\/DANU6420-768x576.jpg 768w, https:\/\/agora.xtec.cat\/escola-abelferrater\/wp-content\/uploads\/usu1450\/2019\/04\/DANU6420.jpg 1024w, https:\/\/agora.xtec.cat\/escola-abelferrater\/wp-content\/uploads\/usu1450\/2019\/04\/DANU6420-200x150.jpg 200w\" sizes=\"auto, (max-width: 300px) 100vw, 300px\" \/><\/a><\/td>\n<\/tr>\n<\/tbody>\n<\/table>\n<p>&nbsp;<\/p>\n<p style=\"text-align: center;\">\n<p>Aquesta \u00e9s la not\u00edcia que en dona Canal Camp:<\/p>\n<div id=\"embed-alacarta-85206\"><\/div>\n<p><script src=\"https:\/\/www.alacarta.cat\/js\/embed.js\" data-container=\"embed-alacarta-85206\" data-src=\"5cacd917cd160d20a0b42484\/5cacdbb0cd160d20a0b42487\"><\/script><\/p>\n","protected":false},"excerpt":{"rendered":"<p>Els alumnes de 4t de prim\u00e0ria de les escoles del poble, juntament amb el Cor X i solistes de l&#8217;Escola Municipal de M\u00fasica han preparat un any m\u00e9s un musical. Enguany us hem ofert Tut Tut, de Denver Casado i David Hudson, publicat per Beat by beat, de Nova York. Les representacions s&#8217;han realitzat al [&hellip;]<\/p>\n","protected":false},"author":25,"featured_media":9099,"comment_status":"open","ping_status":"closed","sticky":false,"template":"","format":"standard","meta":{"_bbp_topic_count":0,"_bbp_reply_count":0,"_bbp_total_topic_count":0,"_bbp_total_reply_count":0,"_bbp_voice_count":0,"_bbp_anonymous_reply_count":0,"_bbp_topic_count_hidden":0,"_bbp_reply_count_hidden":0,"_bbp_forum_subforum_count":0,"site-sidebar-layout":"default","site-content-layout":"","ast-site-content-layout":"","site-content-style":"default","site-sidebar-style":"default","ast-global-header-display":"","ast-banner-title-visibility":"","ast-main-header-display":"","ast-hfb-above-header-display":"","ast-hfb-below-header-display":"","ast-hfb-mobile-header-display":"","site-post-title":"","ast-breadcrumbs-content":"","ast-featured-img":"","footer-sml-layout":"","theme-transparent-header-meta":"","adv-header-id-meta":"","stick-header-meta":"","header-above-stick-meta":"","header-main-stick-meta":"","header-below-stick-meta":"","astra-migrate-meta-layouts":"default","ast-page-background-enabled":"default","ast-page-background-meta":{"desktop":{"background-color":"var(--ast-global-color-4)","background-image":"","background-repeat":"repeat","background-position":"center center","background-size":"auto","background-attachment":"scroll","background-type":"","background-media":"","overlay-type":"","overlay-color":"","overlay-opacity":"","overlay-gradient":""},"tablet":{"background-color":"","background-image":"","background-repeat":"repeat","background-position":"center center","background-size":"auto","background-attachment":"scroll","background-type":"","background-media":"","overlay-type":"","overlay-color":"","overlay-opacity":"","overlay-gradient":""},"mobile":{"background-color":"","background-image":"","background-repeat":"repeat","background-position":"center center","background-size":"auto","background-attachment":"scroll","background-type":"","background-media":"","overlay-type":"","overlay-color":"","overlay-opacity":"","overlay-gradient":""}},"ast-content-background-meta":{"desktop":{"background-color":"var(--ast-global-color-5)","background-image":"","background-repeat":"repeat","background-position":"center center","background-size":"auto","background-attachment":"scroll","background-type":"","background-media":"","overlay-type":"","overlay-color":"","overlay-opacity":"","overlay-gradient":""},"tablet":{"background-color":"var(--ast-global-color-5)","background-image":"","background-repeat":"repeat","background-position":"center center","background-size":"auto","background-attachment":"scroll","background-type":"","background-media":"","overlay-type":"","overlay-color":"","overlay-opacity":"","overlay-gradient":""},"mobile":{"background-color":"var(--ast-global-color-5)","background-image":"","background-repeat":"repeat","background-position":"center center","background-size":"auto","background-attachment":"scroll","background-type":"","background-media":"","overlay-type":"","overlay-color":"","overlay-opacity":"","overlay-gradient":""}},"footnotes":""},"categories":[4],"tags":[376,427,502,501],"class_list":["post-9090","post","type-post","status-publish","format-standard","has-post-thumbnail","hentry","category-portada","tag-english","tag-musica","tag-projecte","tag-teatre-musical"],"post_mailing_queue_ids":[],"_links":{"self":[{"href":"https:\/\/agora.xtec.cat\/escola-abelferrater\/wp-json\/wp\/v2\/posts\/9090","targetHints":{"allow":["GET"]}}],"collection":[{"href":"https:\/\/agora.xtec.cat\/escola-abelferrater\/wp-json\/wp\/v2\/posts"}],"about":[{"href":"https:\/\/agora.xtec.cat\/escola-abelferrater\/wp-json\/wp\/v2\/types\/post"}],"author":[{"embeddable":true,"href":"https:\/\/agora.xtec.cat\/escola-abelferrater\/wp-json\/wp\/v2\/users\/25"}],"replies":[{"embeddable":true,"href":"https:\/\/agora.xtec.cat\/escola-abelferrater\/wp-json\/wp\/v2\/comments?post=9090"}],"version-history":[{"count":4,"href":"https:\/\/agora.xtec.cat\/escola-abelferrater\/wp-json\/wp\/v2\/posts\/9090\/revisions"}],"predecessor-version":[{"id":9118,"href":"https:\/\/agora.xtec.cat\/escola-abelferrater\/wp-json\/wp\/v2\/posts\/9090\/revisions\/9118"}],"wp:featuredmedia":[{"embeddable":true,"href":"https:\/\/agora.xtec.cat\/escola-abelferrater\/wp-json\/wp\/v2\/media\/9099"}],"wp:attachment":[{"href":"https:\/\/agora.xtec.cat\/escola-abelferrater\/wp-json\/wp\/v2\/media?parent=9090"}],"wp:term":[{"taxonomy":"category","embeddable":true,"href":"https:\/\/agora.xtec.cat\/escola-abelferrater\/wp-json\/wp\/v2\/categories?post=9090"},{"taxonomy":"post_tag","embeddable":true,"href":"https:\/\/agora.xtec.cat\/escola-abelferrater\/wp-json\/wp\/v2\/tags?post=9090"}],"curies":[{"name":"wp","href":"https:\/\/api.w.org\/{rel}","templated":true}]}}