{"id":8823,"date":"2019-02-22T10:24:32","date_gmt":"2019-02-22T09:24:32","guid":{"rendered":"http:\/\/agora.xtec.cat\/escola-abelferrater\/?p=8823"},"modified":"2019-02-22T10:27:00","modified_gmt":"2019-02-22T09:27:00","slug":"lliurament-del-premi-a-la-ruth-rodriguez","status":"publish","type":"post","link":"https:\/\/agora.xtec.cat\/escola-abelferrater\/portada\/lliurament-del-premi-a-la-ruth-rodriguez\/","title":{"rendered":"Lliurament del Premi a la Ruth Rodr\u00edguez"},"content":{"rendered":"<p>El dimecres passat es va fer l&#8217;acte de lliurament del premi a la Ruth Rodr\u00edguez Berlanga de 4t, pel disseny del cartell anunciador del Carnaval 2019.<\/p>\n<p><a href=\"https:\/\/photos.app.goo.gl\/tDoNkZirrhRjws3JA\"><img loading=\"lazy\" decoding=\"async\" class=\"aligncenter wp-image-8824\" src=\"https:\/\/agora.xtec.cat\/escola-abelferrater\/wp-content\/uploads\/usu1450\/2019\/02\/4b28f398-8ff6-4986-b96b-efb08b82587a-1024x768.jpg\" alt=\"\" width=\"336\" height=\"252\" srcset=\"https:\/\/agora.xtec.cat\/escola-abelferrater\/wp-content\/uploads\/usu1450\/2019\/02\/4b28f398-8ff6-4986-b96b-efb08b82587a-1024x768.jpg 1024w, https:\/\/agora.xtec.cat\/escola-abelferrater\/wp-content\/uploads\/usu1450\/2019\/02\/4b28f398-8ff6-4986-b96b-efb08b82587a-300x225.jpg 300w, https:\/\/agora.xtec.cat\/escola-abelferrater\/wp-content\/uploads\/usu1450\/2019\/02\/4b28f398-8ff6-4986-b96b-efb08b82587a-768x576.jpg 768w, https:\/\/agora.xtec.cat\/escola-abelferrater\/wp-content\/uploads\/usu1450\/2019\/02\/4b28f398-8ff6-4986-b96b-efb08b82587a-200x150.jpg 200w, https:\/\/agora.xtec.cat\/escola-abelferrater\/wp-content\/uploads\/usu1450\/2019\/02\/4b28f398-8ff6-4986-b96b-efb08b82587a.jpg 1600w\" sizes=\"auto, (max-width: 336px) 100vw, 336px\" \/><\/a><\/p>\n<p>L&#8217;acte es va desenvolupar al Pavell\u00f3 Municipal organitzat per la regidora d&#8217;Atenci\u00f3 a la Inf\u00e0ncia i Ensenyament, la Sra. Fontanillas i el regidor d&#8217;Activitats, Festes, Mobilitat i Seguretat, el Sr. Torrents.<\/p>\n<p>El moment va ser captat per les c\u00e0meres de <a href=\"https:\/\/canalcamp.alacarta.cat\/canal-camp-noticies\/capitol\/selvatanes-selvatans-arriba-de-nou-el-carnaval-i-ho-fa-amb-novetats\">Canal Camp<\/a>.<\/p>\n<p>&nbsp;<\/p>\n","protected":false},"excerpt":{"rendered":"<p>El dimecres passat es va fer l&#8217;acte de lliurament del premi a la Ruth Rodr\u00edguez Berlanga de 4t, pel disseny del cartell anunciador del Carnaval 2019. L&#8217;acte es va desenvolupar al Pavell\u00f3 Municipal organitzat per la regidora d&#8217;Atenci\u00f3 a la Inf\u00e0ncia i Ensenyament, la Sra. Fontanillas i el regidor d&#8217;Activitats, Festes, Mobilitat i Seguretat, el [&hellip;]<\/p>\n","protected":false},"author":1,"featured_media":8824,"comment_status":"open","ping_status":"closed","sticky":false,"template":"","format":"standard","meta":{"_bbp_topic_count":0,"_bbp_reply_count":0,"_bbp_total_topic_count":0,"_bbp_total_reply_count":0,"_bbp_voice_count":0,"_bbp_anonymous_reply_count":0,"_bbp_topic_count_hidden":0,"_bbp_reply_count_hidden":0,"_bbp_forum_subforum_count":0,"site-sidebar-layout":"default","site-content-layout":"","ast-site-content-layout":"","site-content-style":"default","site-sidebar-style":"default","ast-global-header-display":"","ast-banner-title-visibility":"","ast-main-header-display":"","ast-hfb-above-header-display":"","ast-hfb-below-header-display":"","ast-hfb-mobile-header-display":"","site-post-title":"","ast-breadcrumbs-content":"","ast-featured-img":"","footer-sml-layout":"","theme-transparent-header-meta":"","adv-header-id-meta":"","stick-header-meta":"","header-above-stick-meta":"","header-main-stick-meta":"","header-below-stick-meta":"","astra-migrate-meta-layouts":"default","ast-page-background-enabled":"default","ast-page-background-meta":{"desktop":{"background-color":"var(--ast-global-color-4)","background-image":"","background-repeat":"repeat","background-position":"center center","background-size":"auto","background-attachment":"scroll","background-type":"","background-media":"","overlay-type":"","overlay-color":"","overlay-opacity":"","overlay-gradient":""},"tablet":{"background-color":"","background-image":"","background-repeat":"repeat","background-position":"center center","background-size":"auto","background-attachment":"scroll","background-type":"","background-media":"","overlay-type":"","overlay-color":"","overlay-opacity":"","overlay-gradient":""},"mobile":{"background-color":"","background-image":"","background-repeat":"repeat","background-position":"center center","background-size":"auto","background-attachment":"scroll","background-type":"","background-media":"","overlay-type":"","overlay-color":"","overlay-opacity":"","overlay-gradient":""}},"ast-content-background-meta":{"desktop":{"background-color":"var(--ast-global-color-5)","background-image":"","background-repeat":"repeat","background-position":"center center","background-size":"auto","background-attachment":"scroll","background-type":"","background-media":"","overlay-type":"","overlay-color":"","overlay-opacity":"","overlay-gradient":""},"tablet":{"background-color":"var(--ast-global-color-5)","background-image":"","background-repeat":"repeat","background-position":"center center","background-size":"auto","background-attachment":"scroll","background-type":"","background-media":"","overlay-type":"","overlay-color":"","overlay-opacity":"","overlay-gradient":""},"mobile":{"background-color":"var(--ast-global-color-5)","background-image":"","background-repeat":"repeat","background-position":"center center","background-size":"auto","background-attachment":"scroll","background-type":"","background-media":"","overlay-type":"","overlay-color":"","overlay-opacity":"","overlay-gradient":""}},"footnotes":""},"categories":[4],"tags":[],"class_list":["post-8823","post","type-post","status-publish","format-standard","has-post-thumbnail","hentry","category-portada"],"post_mailing_queue_ids":[],"_links":{"self":[{"href":"https:\/\/agora.xtec.cat\/escola-abelferrater\/wp-json\/wp\/v2\/posts\/8823","targetHints":{"allow":["GET"]}}],"collection":[{"href":"https:\/\/agora.xtec.cat\/escola-abelferrater\/wp-json\/wp\/v2\/posts"}],"about":[{"href":"https:\/\/agora.xtec.cat\/escola-abelferrater\/wp-json\/wp\/v2\/types\/post"}],"author":[{"embeddable":true,"href":"https:\/\/agora.xtec.cat\/escola-abelferrater\/wp-json\/wp\/v2\/users\/1"}],"replies":[{"embeddable":true,"href":"https:\/\/agora.xtec.cat\/escola-abelferrater\/wp-json\/wp\/v2\/comments?post=8823"}],"version-history":[{"count":2,"href":"https:\/\/agora.xtec.cat\/escola-abelferrater\/wp-json\/wp\/v2\/posts\/8823\/revisions"}],"predecessor-version":[{"id":8826,"href":"https:\/\/agora.xtec.cat\/escola-abelferrater\/wp-json\/wp\/v2\/posts\/8823\/revisions\/8826"}],"wp:featuredmedia":[{"embeddable":true,"href":"https:\/\/agora.xtec.cat\/escola-abelferrater\/wp-json\/wp\/v2\/media\/8824"}],"wp:attachment":[{"href":"https:\/\/agora.xtec.cat\/escola-abelferrater\/wp-json\/wp\/v2\/media?parent=8823"}],"wp:term":[{"taxonomy":"category","embeddable":true,"href":"https:\/\/agora.xtec.cat\/escola-abelferrater\/wp-json\/wp\/v2\/categories?post=8823"},{"taxonomy":"post_tag","embeddable":true,"href":"https:\/\/agora.xtec.cat\/escola-abelferrater\/wp-json\/wp\/v2\/tags?post=8823"}],"curies":[{"name":"wp","href":"https:\/\/api.w.org\/{rel}","templated":true}]}}