{"id":8815,"date":"2019-02-20T20:56:54","date_gmt":"2019-02-20T19:56:54","guid":{"rendered":"http:\/\/agora.xtec.cat\/escola-abelferrater\/?p=8815"},"modified":"2019-02-20T20:56:54","modified_gmt":"2019-02-20T19:56:54","slug":"les-nostres-llengues-maternes","status":"publish","type":"post","link":"https:\/\/agora.xtec.cat\/escola-abelferrater\/portada\/les-nostres-llengues-maternes\/","title":{"rendered":"Les nostres lleng\u00fces maternes"},"content":{"rendered":"<p>Dem\u00e0, dia 21 de febrer, se celebra el dia mundial de les lleng\u00fces maternes, \u00e9s per aix\u00f2 que els nois i noies de Cicle Superior, durant aquesta setmana hem volgut treballar les diferents lleng\u00fces maternes que parlen els nens i nenes de la nostra escola.<\/p>\n<p>En primer lloc, vam anar passant per les diferents classes i vam recollir les dades que necessit\u00e0vem: quina varietat de lleng\u00fces tenim a cada aula i quants alumnes la parlen.<\/p>\n<p>Despr\u00e9s, vam recollir totes les dades en una taula per tal de veure la quantitat de lleng\u00fces diferents que parlem els alumnes de l&#8217;escola.<\/p>\n<p>Vam calcar un mapa del m\u00f3n en un mural i vam anar pintant els diferents pa\u00efsos on es parlen les lleng\u00fces que ens enriqueixen. Vam afegir-hi les banderes amb el nom del pa\u00eds i la llengua que s&#8217;hi parla.<\/p>\n<p>Aquest treball ens ha perm\u00e8s con\u00e8ixer la diversitat ling\u00fc\u00edstica i cultural que trobem a l&#8217;escola, hem quedat parats de parlar unes 20 lleng\u00fces diferents, quina sort tenir aquesta riquesa!<\/p>\n<p>Si voleu veure el resultat final, us convidem a visitar l&#8217;entrada de l&#8217;escola on hi trobareu aquest mapa. Si cliqueu a la fotografia, podreu veure-ho de m\u00e9s a prop.<\/p>\n<p><a href=\"https:\/\/photos.app.goo.gl\/mrMj2Kn9NUR9obmG7\"><img loading=\"lazy\" decoding=\"async\" class=\"alignnone size-large wp-image-8817\" src=\"https:\/\/agora.xtec.cat\/escola-abelferrater\/wp-content\/uploads\/usu1450\/2019\/02\/Lleng\u00fces-maternes-1024x768.jpg\" alt=\"\" width=\"1024\" height=\"768\" srcset=\"https:\/\/agora.xtec.cat\/escola-abelferrater\/wp-content\/uploads\/usu1450\/2019\/02\/Lleng\u00fces-maternes-1024x768.jpg 1024w, https:\/\/agora.xtec.cat\/escola-abelferrater\/wp-content\/uploads\/usu1450\/2019\/02\/Lleng\u00fces-maternes-300x225.jpg 300w, https:\/\/agora.xtec.cat\/escola-abelferrater\/wp-content\/uploads\/usu1450\/2019\/02\/Lleng\u00fces-maternes-768x576.jpg 768w, https:\/\/agora.xtec.cat\/escola-abelferrater\/wp-content\/uploads\/usu1450\/2019\/02\/Lleng\u00fces-maternes-200x150.jpg 200w, https:\/\/agora.xtec.cat\/escola-abelferrater\/wp-content\/uploads\/usu1450\/2019\/02\/Lleng\u00fces-maternes.jpg 1632w\" sizes=\"auto, (max-width: 1024px) 100vw, 1024px\" \/><\/a><\/p>\n","protected":false},"excerpt":{"rendered":"<p>Dem\u00e0, dia 21 de febrer, se celebra el dia mundial de les lleng\u00fces maternes, \u00e9s per aix\u00f2 que els nois i noies de Cicle Superior, durant aquesta setmana hem volgut treballar les diferents lleng\u00fces maternes que parlen els nens i nenes de la nostra escola. En primer lloc, vam anar passant per les diferents classes [&hellip;]<\/p>\n","protected":false},"author":1,"featured_media":8817,"comment_status":"open","ping_status":"closed","sticky":false,"template":"","format":"standard","meta":{"_bbp_topic_count":0,"_bbp_reply_count":0,"_bbp_total_topic_count":0,"_bbp_total_reply_count":0,"_bbp_voice_count":0,"_bbp_anonymous_reply_count":0,"_bbp_topic_count_hidden":0,"_bbp_reply_count_hidden":0,"_bbp_forum_subforum_count":0,"site-sidebar-layout":"default","site-content-layout":"","ast-site-content-layout":"","site-content-style":"default","site-sidebar-style":"default","ast-global-header-display":"","ast-banner-title-visibility":"","ast-main-header-display":"","ast-hfb-above-header-display":"","ast-hfb-below-header-display":"","ast-hfb-mobile-header-display":"","site-post-title":"","ast-breadcrumbs-content":"","ast-featured-img":"","footer-sml-layout":"","theme-transparent-header-meta":"","adv-header-id-meta":"","stick-header-meta":"","header-above-stick-meta":"","header-main-stick-meta":"","header-below-stick-meta":"","astra-migrate-meta-layouts":"default","ast-page-background-enabled":"default","ast-page-background-meta":{"desktop":{"background-color":"var(--ast-global-color-4)","background-image":"","background-repeat":"repeat","background-position":"center center","background-size":"auto","background-attachment":"scroll","background-type":"","background-media":"","overlay-type":"","overlay-color":"","overlay-opacity":"","overlay-gradient":""},"tablet":{"background-color":"","background-image":"","background-repeat":"repeat","background-position":"center center","background-size":"auto","background-attachment":"scroll","background-type":"","background-media":"","overlay-type":"","overlay-color":"","overlay-opacity":"","overlay-gradient":""},"mobile":{"background-color":"","background-image":"","background-repeat":"repeat","background-position":"center center","background-size":"auto","background-attachment":"scroll","background-type":"","background-media":"","overlay-type":"","overlay-color":"","overlay-opacity":"","overlay-gradient":""}},"ast-content-background-meta":{"desktop":{"background-color":"var(--ast-global-color-5)","background-image":"","background-repeat":"repeat","background-position":"center center","background-size":"auto","background-attachment":"scroll","background-type":"","background-media":"","overlay-type":"","overlay-color":"","overlay-opacity":"","overlay-gradient":""},"tablet":{"background-color":"var(--ast-global-color-5)","background-image":"","background-repeat":"repeat","background-position":"center center","background-size":"auto","background-attachment":"scroll","background-type":"","background-media":"","overlay-type":"","overlay-color":"","overlay-opacity":"","overlay-gradient":""},"mobile":{"background-color":"var(--ast-global-color-5)","background-image":"","background-repeat":"repeat","background-position":"center center","background-size":"auto","background-attachment":"scroll","background-type":"","background-media":"","overlay-type":"","overlay-color":"","overlay-opacity":"","overlay-gradient":""}},"footnotes":""},"categories":[4],"tags":[477,476,389],"class_list":["post-8815","post","type-post","status-publish","format-standard","has-post-thumbnail","hentry","category-portada","tag-cultura","tag-riquesa","tag-treball-dequip"],"post_mailing_queue_ids":[],"_links":{"self":[{"href":"https:\/\/agora.xtec.cat\/escola-abelferrater\/wp-json\/wp\/v2\/posts\/8815","targetHints":{"allow":["GET"]}}],"collection":[{"href":"https:\/\/agora.xtec.cat\/escola-abelferrater\/wp-json\/wp\/v2\/posts"}],"about":[{"href":"https:\/\/agora.xtec.cat\/escola-abelferrater\/wp-json\/wp\/v2\/types\/post"}],"author":[{"embeddable":true,"href":"https:\/\/agora.xtec.cat\/escola-abelferrater\/wp-json\/wp\/v2\/users\/1"}],"replies":[{"embeddable":true,"href":"https:\/\/agora.xtec.cat\/escola-abelferrater\/wp-json\/wp\/v2\/comments?post=8815"}],"version-history":[{"count":1,"href":"https:\/\/agora.xtec.cat\/escola-abelferrater\/wp-json\/wp\/v2\/posts\/8815\/revisions"}],"predecessor-version":[{"id":8818,"href":"https:\/\/agora.xtec.cat\/escola-abelferrater\/wp-json\/wp\/v2\/posts\/8815\/revisions\/8818"}],"wp:featuredmedia":[{"embeddable":true,"href":"https:\/\/agora.xtec.cat\/escola-abelferrater\/wp-json\/wp\/v2\/media\/8817"}],"wp:attachment":[{"href":"https:\/\/agora.xtec.cat\/escola-abelferrater\/wp-json\/wp\/v2\/media?parent=8815"}],"wp:term":[{"taxonomy":"category","embeddable":true,"href":"https:\/\/agora.xtec.cat\/escola-abelferrater\/wp-json\/wp\/v2\/categories?post=8815"},{"taxonomy":"post_tag","embeddable":true,"href":"https:\/\/agora.xtec.cat\/escola-abelferrater\/wp-json\/wp\/v2\/tags?post=8815"}],"curies":[{"name":"wp","href":"https:\/\/api.w.org\/{rel}","templated":true}]}}