{"id":20923,"date":"2026-03-18T12:49:07","date_gmt":"2026-03-18T11:49:07","guid":{"rendered":"https:\/\/agora.xtec.cat\/escola-abelferrater\/?p=20923"},"modified":"2026-03-18T12:49:07","modified_gmt":"2026-03-18T11:49:07","slug":"taller-de-cant-a-4t-de-primaria","status":"publish","type":"post","link":"https:\/\/agora.xtec.cat\/escola-abelferrater\/general\/taller-de-cant-a-4t-de-primaria\/","title":{"rendered":"TALLER DE CANT A 4T DE PRIM\u00c0RIA"},"content":{"rendered":"\n<p class=\"has-text-align-left\"><br>Aquesta setmana, els alumnes de 4t A han participat en un taller de veu molt enriquidor. Han treballat les can\u00e7ons del musical <em>Gladys Baker Gladiator<\/em> amb el mestre de cant Albert Cid i l\u2019experi\u00e8ncia ha estat plena d\u2019aprenentatges. Durant el taller, hem descobert com una bona respiraci\u00f3 ens ajuda a cantar amb m\u00e9s comoditat i seguretat. Tamb\u00e9 hem practicat a projectar la veu perqu\u00e8 arribi amb claredat i a vocalitzar correctament per fer-nos entendre millor. Una de les parts m\u00e9s divertides ha estat treballar en equip: cantar plegats, escoltar-nos i coordinar-nos ens ha perm\u00e8s gaudir encara m\u00e9s de la sessi\u00f3 i crear un ambient molt agradable entre tots els companys i companyes. La propera setmana, el grup de 4t B tindr\u00e0 l\u2019oportunitat de viure aquesta mateixa experi\u00e8ncia, i estem segurs que en gaudiran tant com nosaltres.<\/p>\n\n\n\n<figure class=\"wp-block-image size-large\"><a href=\"https:\/\/photos.app.goo.gl\/8iHxNfqq579WEzzG7\"><img loading=\"lazy\" decoding=\"async\" width=\"1024\" height=\"768\" src=\"https:\/\/agora.xtec.cat\/escola-abelferrater\/wp-content\/uploads\/usu1450\/2026\/03\/IMG_5665-1024x768.jpg\" alt=\"\" class=\"wp-image-20926\" srcset=\"https:\/\/agora.xtec.cat\/escola-abelferrater\/wp-content\/uploads\/usu1450\/2026\/03\/IMG_5665-1024x768.jpg 1024w, https:\/\/agora.xtec.cat\/escola-abelferrater\/wp-content\/uploads\/usu1450\/2026\/03\/IMG_5665-300x225.jpg 300w, https:\/\/agora.xtec.cat\/escola-abelferrater\/wp-content\/uploads\/usu1450\/2026\/03\/IMG_5665-768x576.jpg 768w, https:\/\/agora.xtec.cat\/escola-abelferrater\/wp-content\/uploads\/usu1450\/2026\/03\/IMG_5665-1536x1152.jpg 1536w, https:\/\/agora.xtec.cat\/escola-abelferrater\/wp-content\/uploads\/usu1450\/2026\/03\/IMG_5665-2048x1536.jpg 2048w\" sizes=\"auto, (max-width: 1024px) 100vw, 1024px\" \/><\/a><\/figure>\n\n\n\n<p class=\"has-text-align-center\">Clica la imatge per veure les fotografies.<\/p>\n\n\n\n<p><\/p>\n","protected":false},"excerpt":{"rendered":"<p>Aquesta setmana, els alumnes de 4t A han participat en un taller de veu molt enriquidor. Han treballat les can\u00e7ons del musical Gladys Baker Gladiator amb el mestre de cant Albert Cid i l\u2019experi\u00e8ncia ha estat plena d\u2019aprenentatges. Durant el taller, hem descobert com una bona respiraci\u00f3 ens ajuda a cantar amb m\u00e9s comoditat i [&hellip;]<\/p>\n","protected":false},"author":25,"featured_media":20924,"comment_status":"open","ping_status":"open","sticky":false,"template":"","format":"standard","meta":{"_bbp_topic_count":0,"_bbp_reply_count":0,"_bbp_total_topic_count":0,"_bbp_total_reply_count":0,"_bbp_voice_count":0,"_bbp_anonymous_reply_count":0,"_bbp_topic_count_hidden":0,"_bbp_reply_count_hidden":0,"_bbp_forum_subforum_count":0,"site-sidebar-layout":"default","site-content-layout":"","ast-site-content-layout":"default","site-content-style":"default","site-sidebar-style":"default","ast-global-header-display":"","ast-banner-title-visibility":"","ast-main-header-display":"","ast-hfb-above-header-display":"","ast-hfb-below-header-display":"","ast-hfb-mobile-header-display":"","site-post-title":"","ast-breadcrumbs-content":"","ast-featured-img":"","footer-sml-layout":"","theme-transparent-header-meta":"","adv-header-id-meta":"","stick-header-meta":"","header-above-stick-meta":"","header-main-stick-meta":"","header-below-stick-meta":"","astra-migrate-meta-layouts":"set","ast-page-background-enabled":"default","ast-page-background-meta":{"desktop":{"background-color":"var(--ast-global-color-4)","background-image":"","background-repeat":"repeat","background-position":"center center","background-size":"auto","background-attachment":"scroll","background-type":"","background-media":"","overlay-type":"","overlay-color":"","overlay-opacity":"","overlay-gradient":""},"tablet":{"background-color":"","background-image":"","background-repeat":"repeat","background-position":"center center","background-size":"auto","background-attachment":"scroll","background-type":"","background-media":"","overlay-type":"","overlay-color":"","overlay-opacity":"","overlay-gradient":""},"mobile":{"background-color":"","background-image":"","background-repeat":"repeat","background-position":"center center","background-size":"auto","background-attachment":"scroll","background-type":"","background-media":"","overlay-type":"","overlay-color":"","overlay-opacity":"","overlay-gradient":""}},"ast-content-background-meta":{"desktop":{"background-color":"var(--ast-global-color-5)","background-image":"","background-repeat":"repeat","background-position":"center center","background-size":"auto","background-attachment":"scroll","background-type":"","background-media":"","overlay-type":"","overlay-color":"","overlay-opacity":"","overlay-gradient":""},"tablet":{"background-color":"var(--ast-global-color-5)","background-image":"","background-repeat":"repeat","background-position":"center center","background-size":"auto","background-attachment":"scroll","background-type":"","background-media":"","overlay-type":"","overlay-color":"","overlay-opacity":"","overlay-gradient":""},"mobile":{"background-color":"var(--ast-global-color-5)","background-image":"","background-repeat":"repeat","background-position":"center center","background-size":"auto","background-attachment":"scroll","background-type":"","background-media":"","overlay-type":"","overlay-color":"","overlay-opacity":"","overlay-gradient":""}},"footnotes":""},"categories":[1,4,550],"tags":[1063,496,937,529,455,501],"class_list":["post-20923","post","type-post","status-publish","format-standard","has-post-thumbnail","hentry","category-general","category-portada","category-550","tag-angles","tag-aprenentatge-cooperatiu","tag-aprenentatge-significatiu","tag-convivencia","tag-emocions","tag-teatre-musical"],"post_mailing_queue_ids":[],"_links":{"self":[{"href":"https:\/\/agora.xtec.cat\/escola-abelferrater\/wp-json\/wp\/v2\/posts\/20923","targetHints":{"allow":["GET"]}}],"collection":[{"href":"https:\/\/agora.xtec.cat\/escola-abelferrater\/wp-json\/wp\/v2\/posts"}],"about":[{"href":"https:\/\/agora.xtec.cat\/escola-abelferrater\/wp-json\/wp\/v2\/types\/post"}],"author":[{"embeddable":true,"href":"https:\/\/agora.xtec.cat\/escola-abelferrater\/wp-json\/wp\/v2\/users\/25"}],"replies":[{"embeddable":true,"href":"https:\/\/agora.xtec.cat\/escola-abelferrater\/wp-json\/wp\/v2\/comments?post=20923"}],"version-history":[{"count":6,"href":"https:\/\/agora.xtec.cat\/escola-abelferrater\/wp-json\/wp\/v2\/posts\/20923\/revisions"}],"predecessor-version":[{"id":20932,"href":"https:\/\/agora.xtec.cat\/escola-abelferrater\/wp-json\/wp\/v2\/posts\/20923\/revisions\/20932"}],"wp:featuredmedia":[{"embeddable":true,"href":"https:\/\/agora.xtec.cat\/escola-abelferrater\/wp-json\/wp\/v2\/media\/20924"}],"wp:attachment":[{"href":"https:\/\/agora.xtec.cat\/escola-abelferrater\/wp-json\/wp\/v2\/media?parent=20923"}],"wp:term":[{"taxonomy":"category","embeddable":true,"href":"https:\/\/agora.xtec.cat\/escola-abelferrater\/wp-json\/wp\/v2\/categories?post=20923"},{"taxonomy":"post_tag","embeddable":true,"href":"https:\/\/agora.xtec.cat\/escola-abelferrater\/wp-json\/wp\/v2\/tags?post=20923"}],"curies":[{"name":"wp","href":"https:\/\/api.w.org\/{rel}","templated":true}]}}