{"id":20151,"date":"2025-11-19T09:00:33","date_gmt":"2025-11-19T08:00:33","guid":{"rendered":"https:\/\/agora.xtec.cat\/escola-abelferrater\/?p=20151"},"modified":"2025-11-18T22:49:00","modified_gmt":"2025-11-18T21:49:00","slug":"sortida-dentorn-biblioteca-i-exposicio-de-motos","status":"publish","type":"post","link":"https:\/\/agora.xtec.cat\/escola-abelferrater\/general\/sortida-dentorn-biblioteca-i-exposicio-de-motos\/","title":{"rendered":"Sortida d\u2019entorn: biblioteca i exposici\u00f3 de motos!"},"content":{"rendered":"<p><a href=\"https:\/\/agora.xtec.cat\/escola-abelferrater\/wp-content\/uploads\/usu1450\/2025\/11\/Biblioteca-i-motos.jpg\"><img loading=\"lazy\" decoding=\"async\" class=\" wp-image-20177 aligncenter\" src=\"https:\/\/agora.xtec.cat\/escola-abelferrater\/wp-content\/uploads\/usu1450\/2025\/11\/Biblioteca-i-motos-1024x1024.jpg\" alt=\"\" width=\"671\" height=\"671\" srcset=\"https:\/\/agora.xtec.cat\/escola-abelferrater\/wp-content\/uploads\/usu1450\/2025\/11\/Biblioteca-i-motos-1024x1024.jpg 1024w, https:\/\/agora.xtec.cat\/escola-abelferrater\/wp-content\/uploads\/usu1450\/2025\/11\/Biblioteca-i-motos-300x300.jpg 300w, https:\/\/agora.xtec.cat\/escola-abelferrater\/wp-content\/uploads\/usu1450\/2025\/11\/Biblioteca-i-motos-150x150.jpg 150w, https:\/\/agora.xtec.cat\/escola-abelferrater\/wp-content\/uploads\/usu1450\/2025\/11\/Biblioteca-i-motos-768x768.jpg 768w, https:\/\/agora.xtec.cat\/escola-abelferrater\/wp-content\/uploads\/usu1450\/2025\/11\/Biblioteca-i-motos.jpg 1080w\" sizes=\"auto, (max-width: 671px) 100vw, 671px\" \/><\/a><\/p>\n<p>&nbsp;<\/p>\n<p data-start=\"154\" data-end=\"547\">El dijous 13 de novembre hem gaudit d\u2019una sortida d\u2019entorn ben especial. Primer hem visitat la biblioteca, on la F\u00e0tima ens ha rebut amb un somriure i ens ha explicat contes fant\u00e0stics que han captivat tots els infants. Tamb\u00e9 hem descobert com funciona la biblioteca, qu\u00e8 podem fer-hi, com trobar els llibres que ens agraden i com cuidar-los perqu\u00e8 moltes altres persones els puguin gaudir.<\/p>\n<p data-start=\"549\" data-end=\"892\">Despr\u00e9s hem continuat la sortida fins a Santa Ll\u00facia, on hem pogut veure una exposici\u00f3 de motos antigues. Els nens i nenes han observat de prop motos d\u2019\u00e8poques diverses, descobrint com han canviat amb el temps i quines caracter\u00edstiques les fan \u00faniques. Ha estat una oportunitat per aprendre i sorprendre\u2019ns amb peces plenes d\u2019hist\u00f2ria.<\/p>\n<p data-start=\"894\" data-end=\"974\">Ha estat una jornada plena de descobertes, curiositat i<a href=\"https:\/\/photos.app.goo.gl\/VvkRJ5jJAgLbtiz86\"> bons moments compartits!<\/a><\/p>\n","protected":false},"excerpt":{"rendered":"<p>&nbsp; El dijous 13 de novembre hem gaudit d\u2019una sortida d\u2019entorn ben especial. Primer hem visitat la biblioteca, on la F\u00e0tima ens ha rebut amb un somriure i ens ha explicat contes fant\u00e0stics que han captivat tots els infants. Tamb\u00e9 hem descobert com funciona la biblioteca, qu\u00e8 podem fer-hi, com trobar els llibres que ens [&hellip;]<\/p>\n","protected":false},"author":76,"featured_media":20177,"comment_status":"open","ping_status":"open","sticky":false,"template":"","format":"standard","meta":{"_bbp_topic_count":0,"_bbp_reply_count":0,"_bbp_total_topic_count":0,"_bbp_total_reply_count":0,"_bbp_voice_count":0,"_bbp_anonymous_reply_count":0,"_bbp_topic_count_hidden":0,"_bbp_reply_count_hidden":0,"_bbp_forum_subforum_count":0,"site-sidebar-layout":"default","site-content-layout":"","ast-site-content-layout":"","site-content-style":"default","site-sidebar-style":"default","ast-global-header-display":"","ast-banner-title-visibility":"","ast-main-header-display":"","ast-hfb-above-header-display":"","ast-hfb-below-header-display":"","ast-hfb-mobile-header-display":"","site-post-title":"","ast-breadcrumbs-content":"","ast-featured-img":"","footer-sml-layout":"","theme-transparent-header-meta":"","adv-header-id-meta":"","stick-header-meta":"","header-above-stick-meta":"","header-main-stick-meta":"","header-below-stick-meta":"","astra-migrate-meta-layouts":"default","ast-page-background-enabled":"default","ast-page-background-meta":{"desktop":{"background-color":"var(--ast-global-color-4)","background-image":"","background-repeat":"repeat","background-position":"center center","background-size":"auto","background-attachment":"scroll","background-type":"","background-media":"","overlay-type":"","overlay-color":"","overlay-opacity":"","overlay-gradient":""},"tablet":{"background-color":"","background-image":"","background-repeat":"repeat","background-position":"center center","background-size":"auto","background-attachment":"scroll","background-type":"","background-media":"","overlay-type":"","overlay-color":"","overlay-opacity":"","overlay-gradient":""},"mobile":{"background-color":"","background-image":"","background-repeat":"repeat","background-position":"center center","background-size":"auto","background-attachment":"scroll","background-type":"","background-media":"","overlay-type":"","overlay-color":"","overlay-opacity":"","overlay-gradient":""}},"ast-content-background-meta":{"desktop":{"background-color":"var(--ast-global-color-5)","background-image":"","background-repeat":"repeat","background-position":"center center","background-size":"auto","background-attachment":"scroll","background-type":"","background-media":"","overlay-type":"","overlay-color":"","overlay-opacity":"","overlay-gradient":""},"tablet":{"background-color":"var(--ast-global-color-5)","background-image":"","background-repeat":"repeat","background-position":"center center","background-size":"auto","background-attachment":"scroll","background-type":"","background-media":"","overlay-type":"","overlay-color":"","overlay-opacity":"","overlay-gradient":""},"mobile":{"background-color":"var(--ast-global-color-5)","background-image":"","background-repeat":"repeat","background-position":"center center","background-size":"auto","background-attachment":"scroll","background-type":"","background-media":"","overlay-type":"","overlay-color":"","overlay-opacity":"","overlay-gradient":""}},"footnotes":""},"categories":[1,4,602],"tags":[371,563,927],"class_list":["post-20151","post","type-post","status-publish","format-standard","has-post-thumbnail","hentry","category-general","category-portada","category-602","tag-abel-ferrater","tag-biblioteca-municipal","tag-gust-per-la-lectura"],"post_mailing_queue_ids":[],"_links":{"self":[{"href":"https:\/\/agora.xtec.cat\/escola-abelferrater\/wp-json\/wp\/v2\/posts\/20151","targetHints":{"allow":["GET"]}}],"collection":[{"href":"https:\/\/agora.xtec.cat\/escola-abelferrater\/wp-json\/wp\/v2\/posts"}],"about":[{"href":"https:\/\/agora.xtec.cat\/escola-abelferrater\/wp-json\/wp\/v2\/types\/post"}],"author":[{"embeddable":true,"href":"https:\/\/agora.xtec.cat\/escola-abelferrater\/wp-json\/wp\/v2\/users\/76"}],"replies":[{"embeddable":true,"href":"https:\/\/agora.xtec.cat\/escola-abelferrater\/wp-json\/wp\/v2\/comments?post=20151"}],"version-history":[{"count":3,"href":"https:\/\/agora.xtec.cat\/escola-abelferrater\/wp-json\/wp\/v2\/posts\/20151\/revisions"}],"predecessor-version":[{"id":20180,"href":"https:\/\/agora.xtec.cat\/escola-abelferrater\/wp-json\/wp\/v2\/posts\/20151\/revisions\/20180"}],"wp:featuredmedia":[{"embeddable":true,"href":"https:\/\/agora.xtec.cat\/escola-abelferrater\/wp-json\/wp\/v2\/media\/20177"}],"wp:attachment":[{"href":"https:\/\/agora.xtec.cat\/escola-abelferrater\/wp-json\/wp\/v2\/media?parent=20151"}],"wp:term":[{"taxonomy":"category","embeddable":true,"href":"https:\/\/agora.xtec.cat\/escola-abelferrater\/wp-json\/wp\/v2\/categories?post=20151"},{"taxonomy":"post_tag","embeddable":true,"href":"https:\/\/agora.xtec.cat\/escola-abelferrater\/wp-json\/wp\/v2\/tags?post=20151"}],"curies":[{"name":"wp","href":"https:\/\/api.w.org\/{rel}","templated":true}]}}