{"id":17072,"date":"2023-12-21T09:16:18","date_gmt":"2023-12-21T08:16:18","guid":{"rendered":"https:\/\/agora.xtec.cat\/escola-abelferrater\/?p=17072"},"modified":"2023-12-21T09:16:55","modified_gmt":"2023-12-21T08:16:55","slug":"ultim-dia-del-1r-trimestre","status":"publish","type":"post","link":"https:\/\/agora.xtec.cat\/escola-abelferrater\/general\/ultim-dia-del-1r-trimestre\/","title":{"rendered":"\u00daltim dia del 1r trimestre!"},"content":{"rendered":"<p>L&#8217;\u00faltim dia de l&#8217;escola \u00e9s molt especial. \u00c9s el moment de fer cagar el Ti\u00f3, que durant dies hem estat alimentant.<\/p>\n<p>L&#8217;alumnat d&#8217;infantil va fer-ho a la sala de psicomotricitat i el de prim\u00e0ria, al parc de l&#8217;Abel.<\/p>\n<p>Comunitat de Petits (clica a la foto per veure m\u00e9s imatges)<\/p>\n<p><a href=\"https:\/\/drive.google.com\/drive\/folders\/18-4u5KBBHVPHg1asiOuMJi1vdbNzVL1A?usp=sharing\"><img loading=\"lazy\" decoding=\"async\" class=\"wp-image-17074 size-medium alignleft\" src=\"https:\/\/agora.xtec.cat\/escola-abelferrater\/wp-content\/uploads\/usu1450\/2023\/12\/Captura-de-pantalla-2023-12-21-a-les-9.05.30-300x224.png\" alt=\"\" width=\"300\" height=\"224\" srcset=\"https:\/\/agora.xtec.cat\/escola-abelferrater\/wp-content\/uploads\/usu1450\/2023\/12\/Captura-de-pantalla-2023-12-21-a-les-9.05.30-300x224.png 300w, https:\/\/agora.xtec.cat\/escola-abelferrater\/wp-content\/uploads\/usu1450\/2023\/12\/Captura-de-pantalla-2023-12-21-a-les-9.05.30-200x150.png 200w, https:\/\/agora.xtec.cat\/escola-abelferrater\/wp-content\/uploads\/usu1450\/2023\/12\/Captura-de-pantalla-2023-12-21-a-les-9.05.30.png 745w\" sizes=\"auto, (max-width: 300px) 100vw, 300px\" \/><\/a><\/p>\n<p>&nbsp;<\/p>\n<p>&nbsp;<\/p>\n<p>&nbsp;<\/p>\n<p>&nbsp;<\/p>\n<p>&nbsp;<\/p>\n<p>&nbsp;<\/p>\n<p>&nbsp;<\/p>\n<p>&nbsp;<\/p>\n<p>Comunitat de Mitjans (clica a la foto per veure m\u00e9s imatges)<\/p>\n<p><a href=\"https:\/\/drive.google.com\/drive\/folders\/1Z15Qkvxm7VdTZunl6NiNMwCNXHXMslmL?usp=sharing\"><img loading=\"lazy\" decoding=\"async\" class=\"wp-image-17075 size-medium alignleft\" src=\"https:\/\/agora.xtec.cat\/escola-abelferrater\/wp-content\/uploads\/usu1450\/2023\/12\/Captura-de-pantalla-2023-12-21-a-les-9.07.54-300x224.png\" alt=\"\" width=\"300\" height=\"224\" srcset=\"https:\/\/agora.xtec.cat\/escola-abelferrater\/wp-content\/uploads\/usu1450\/2023\/12\/Captura-de-pantalla-2023-12-21-a-les-9.07.54-300x224.png 300w, https:\/\/agora.xtec.cat\/escola-abelferrater\/wp-content\/uploads\/usu1450\/2023\/12\/Captura-de-pantalla-2023-12-21-a-les-9.07.54-200x150.png 200w, https:\/\/agora.xtec.cat\/escola-abelferrater\/wp-content\/uploads\/usu1450\/2023\/12\/Captura-de-pantalla-2023-12-21-a-les-9.07.54.png 743w\" sizes=\"auto, (max-width: 300px) 100vw, 300px\" \/><\/a><\/p>\n<p>&nbsp;<\/p>\n<p>&nbsp;<\/p>\n<p>&nbsp;<\/p>\n<p>&nbsp;<\/p>\n<p>&nbsp;<\/p>\n<p>&nbsp;<\/p>\n<p>&nbsp;<\/p>\n<p>&nbsp;<\/p>\n<p>Comunitat de Grans<\/p>\n<p><a href=\"https:\/\/drive.google.com\/drive\/folders\/1wRHX65JOR-itBNIYFxnvlo0AmndMPTFt?usp=sharing\"><img loading=\"lazy\" decoding=\"async\" class=\"alignleft wp-image-17077 size-medium\" src=\"https:\/\/agora.xtec.cat\/escola-abelferrater\/wp-content\/uploads\/usu1450\/2023\/12\/Captura-de-pantalla-2023-12-21-a-les-9.15.26-300x213.png\" alt=\"\" width=\"300\" height=\"213\" srcset=\"https:\/\/agora.xtec.cat\/escola-abelferrater\/wp-content\/uploads\/usu1450\/2023\/12\/Captura-de-pantalla-2023-12-21-a-les-9.15.26-300x213.png 300w, https:\/\/agora.xtec.cat\/escola-abelferrater\/wp-content\/uploads\/usu1450\/2023\/12\/Captura-de-pantalla-2023-12-21-a-les-9.15.26.png 748w\" sizes=\"auto, (max-width: 300px) 100vw, 300px\" \/><\/a><\/p>\n<p>&nbsp;<\/p>\n<p>&nbsp;<\/p>\n<p>&nbsp;<\/p>\n<p>&nbsp;<\/p>\n<p>&nbsp;<\/p>\n<p>&nbsp;<\/p>\n<p>&nbsp;<\/p>\n<p>&nbsp;<\/p>\n<p>Aquest \u00faltim dia tamb\u00e9 hem acomiadat a la Carme, la mestra de 5\u00e8A. Despr\u00e9s de tota la vida dedicada al m\u00f3n educatiu, es jubila. Gr\u00e0cies Carme pels teus anys de treball i implicaci\u00f3. Gaudeix molt d&#8217;aquesta nova etapa.<\/p>\n<p><img loading=\"lazy\" decoding=\"async\" class=\"wp-image-17076 size-medium alignleft\" src=\"https:\/\/agora.xtec.cat\/escola-abelferrater\/wp-content\/uploads\/usu1450\/2023\/12\/Captura-de-pantalla-2023-12-21-a-les-9.12.58-300x292.png\" alt=\"\" width=\"300\" height=\"292\" srcset=\"https:\/\/agora.xtec.cat\/escola-abelferrater\/wp-content\/uploads\/usu1450\/2023\/12\/Captura-de-pantalla-2023-12-21-a-les-9.12.58-300x292.png 300w, https:\/\/agora.xtec.cat\/escola-abelferrater\/wp-content\/uploads\/usu1450\/2023\/12\/Captura-de-pantalla-2023-12-21-a-les-9.12.58.png 534w\" sizes=\"auto, (max-width: 300px) 100vw, 300px\" \/><\/p>\n","protected":false},"excerpt":{"rendered":"<p>L&#8217;\u00faltim dia de l&#8217;escola \u00e9s molt especial. \u00c9s el moment de fer cagar el Ti\u00f3, que durant dies hem estat alimentant. L&#8217;alumnat d&#8217;infantil va fer-ho a la sala de psicomotricitat i el de prim\u00e0ria, al parc de l&#8217;Abel. Comunitat de Petits (clica a la foto per veure m\u00e9s imatges) &nbsp; &nbsp; &nbsp; &nbsp; &nbsp; &nbsp; [&hellip;]<\/p>\n","protected":false},"author":1,"featured_media":17073,"comment_status":"open","ping_status":"closed","sticky":false,"template":"","format":"standard","meta":{"_bbp_topic_count":0,"_bbp_reply_count":0,"_bbp_total_topic_count":0,"_bbp_total_reply_count":0,"_bbp_voice_count":0,"_bbp_anonymous_reply_count":0,"_bbp_topic_count_hidden":0,"_bbp_reply_count_hidden":0,"_bbp_forum_subforum_count":0,"site-sidebar-layout":"default","site-content-layout":"","ast-site-content-layout":"","site-content-style":"default","site-sidebar-style":"default","ast-global-header-display":"","ast-banner-title-visibility":"","ast-main-header-display":"","ast-hfb-above-header-display":"","ast-hfb-below-header-display":"","ast-hfb-mobile-header-display":"","site-post-title":"","ast-breadcrumbs-content":"","ast-featured-img":"","footer-sml-layout":"","theme-transparent-header-meta":"","adv-header-id-meta":"","stick-header-meta":"","header-above-stick-meta":"","header-main-stick-meta":"","header-below-stick-meta":"","astra-migrate-meta-layouts":"default","ast-page-background-enabled":"default","ast-page-background-meta":{"desktop":{"background-color":"var(--ast-global-color-4)","background-image":"","background-repeat":"repeat","background-position":"center center","background-size":"auto","background-attachment":"scroll","background-type":"","background-media":"","overlay-type":"","overlay-color":"","overlay-opacity":"","overlay-gradient":""},"tablet":{"background-color":"","background-image":"","background-repeat":"repeat","background-position":"center center","background-size":"auto","background-attachment":"scroll","background-type":"","background-media":"","overlay-type":"","overlay-color":"","overlay-opacity":"","overlay-gradient":""},"mobile":{"background-color":"","background-image":"","background-repeat":"repeat","background-position":"center center","background-size":"auto","background-attachment":"scroll","background-type":"","background-media":"","overlay-type":"","overlay-color":"","overlay-opacity":"","overlay-gradient":""}},"ast-content-background-meta":{"desktop":{"background-color":"var(--ast-global-color-5)","background-image":"","background-repeat":"repeat","background-position":"center center","background-size":"auto","background-attachment":"scroll","background-type":"","background-media":"","overlay-type":"","overlay-color":"","overlay-opacity":"","overlay-gradient":""},"tablet":{"background-color":"var(--ast-global-color-5)","background-image":"","background-repeat":"repeat","background-position":"center center","background-size":"auto","background-attachment":"scroll","background-type":"","background-media":"","overlay-type":"","overlay-color":"","overlay-opacity":"","overlay-gradient":""},"mobile":{"background-color":"var(--ast-global-color-5)","background-image":"","background-repeat":"repeat","background-position":"center center","background-size":"auto","background-attachment":"scroll","background-type":"","background-media":"","overlay-type":"","overlay-color":"","overlay-opacity":"","overlay-gradient":""}},"footnotes":""},"categories":[1,4,3,368,550,602,729,835,953],"tags":[],"class_list":["post-17072","post","type-post","status-publish","format-standard","has-post-thumbnail","hentry","category-general","category-portada","category-3","category-368","category-550","category-602","category-729","category-835","category-953"],"post_mailing_queue_ids":[],"_links":{"self":[{"href":"https:\/\/agora.xtec.cat\/escola-abelferrater\/wp-json\/wp\/v2\/posts\/17072","targetHints":{"allow":["GET"]}}],"collection":[{"href":"https:\/\/agora.xtec.cat\/escola-abelferrater\/wp-json\/wp\/v2\/posts"}],"about":[{"href":"https:\/\/agora.xtec.cat\/escola-abelferrater\/wp-json\/wp\/v2\/types\/post"}],"author":[{"embeddable":true,"href":"https:\/\/agora.xtec.cat\/escola-abelferrater\/wp-json\/wp\/v2\/users\/1"}],"replies":[{"embeddable":true,"href":"https:\/\/agora.xtec.cat\/escola-abelferrater\/wp-json\/wp\/v2\/comments?post=17072"}],"version-history":[{"count":2,"href":"https:\/\/agora.xtec.cat\/escola-abelferrater\/wp-json\/wp\/v2\/posts\/17072\/revisions"}],"predecessor-version":[{"id":17079,"href":"https:\/\/agora.xtec.cat\/escola-abelferrater\/wp-json\/wp\/v2\/posts\/17072\/revisions\/17079"}],"wp:featuredmedia":[{"embeddable":true,"href":"https:\/\/agora.xtec.cat\/escola-abelferrater\/wp-json\/wp\/v2\/media\/17073"}],"wp:attachment":[{"href":"https:\/\/agora.xtec.cat\/escola-abelferrater\/wp-json\/wp\/v2\/media?parent=17072"}],"wp:term":[{"taxonomy":"category","embeddable":true,"href":"https:\/\/agora.xtec.cat\/escola-abelferrater\/wp-json\/wp\/v2\/categories?post=17072"},{"taxonomy":"post_tag","embeddable":true,"href":"https:\/\/agora.xtec.cat\/escola-abelferrater\/wp-json\/wp\/v2\/tags?post=17072"}],"curies":[{"name":"wp","href":"https:\/\/api.w.org\/{rel}","templated":true}]}}