{"id":16505,"date":"2023-06-03T00:42:37","date_gmt":"2023-06-02T22:42:37","guid":{"rendered":"https:\/\/agora.xtec.cat\/escola-abelferrater\/?p=16505"},"modified":"2023-06-04T22:35:53","modified_gmt":"2023-06-04T20:35:53","slug":"gaia-una-cantata-interestel-lar","status":"publish","type":"post","link":"https:\/\/agora.xtec.cat\/escola-abelferrater\/portada\/gaia-una-cantata-interestel-lar\/","title":{"rendered":"GAIA, una cantata interestel\u00b7lar"},"content":{"rendered":"<p>La Coral de l\u2019escola ha finalitzat el curs amb un brillant concert, celebrat al Castell, el divendres 2 de juny.<\/p>\n<p>Han interpretat <em><strong>GAIA, una cantata interestel\u00b7lar<\/strong><\/em>, amb m\u00fasica de Xavier Pastrana i lletra d\u2019Ariadna Pastor, que narra les perip\u00e8cies d\u2019uns cient\u00edfics que decideixen deixar la Terra perqu\u00e8 s\u2019ha tornat inhabitable i conviden a tothom del p\u00fablic a enlairar-se.<\/p>\n<p>Hem comptat amb la participaci\u00f3 de Marc Torres i Alba Sol\u00e9 al piano, Miquel Vilalta i \u00d2scar Prats a la bateria i percussions, Albert Cid i Marc Guerris com a solistes cantants i amb la col\u00b7laboraci\u00f3 especial de Xavier Pastrana.<\/p>\n<p>Diferents alumnes de sis\u00e8 han tingut petits papers com a experts, p\u00falsars, Plut\u00f3 i al\u00b7lien\u00edgenes.<\/p>\n<p>La direcci\u00f3 ha anat a c\u00e0rrec de l\u2019Alba Sol\u00e9 i la Rosa Boqueras.<\/p>\n<p>Per a m\u00e9s informaci\u00f3, podeu visitar la <a href=\"https:\/\/sites.google.com\/escolaabelferrater.cat\/curs2022-2023\/gran-concert\">web de la Coral.<\/a><\/p>\n<p>Tot el p\u00fablic va poder embarcar-se a la nau gr\u00e0cies a la targeta d\u2019embarcament.<\/p>\n<p><img loading=\"lazy\" decoding=\"async\" class=\"wp-image-16512 aligncenter\" src=\"https:\/\/agora.xtec.cat\/escola-abelferrater\/wp-content\/uploads\/usu1450\/2023\/06\/Embarcament-Gaia.png\" alt=\"\" width=\"326\" height=\"326\" srcset=\"https:\/\/agora.xtec.cat\/escola-abelferrater\/wp-content\/uploads\/usu1450\/2023\/06\/Embarcament-Gaia.png 1654w, https:\/\/agora.xtec.cat\/escola-abelferrater\/wp-content\/uploads\/usu1450\/2023\/06\/Embarcament-Gaia-300x300.png 300w, https:\/\/agora.xtec.cat\/escola-abelferrater\/wp-content\/uploads\/usu1450\/2023\/06\/Embarcament-Gaia-1024x1024.png 1024w, https:\/\/agora.xtec.cat\/escola-abelferrater\/wp-content\/uploads\/usu1450\/2023\/06\/Embarcament-Gaia-150x150.png 150w, https:\/\/agora.xtec.cat\/escola-abelferrater\/wp-content\/uploads\/usu1450\/2023\/06\/Embarcament-Gaia-768x768.png 768w, https:\/\/agora.xtec.cat\/escola-abelferrater\/wp-content\/uploads\/usu1450\/2023\/06\/Embarcament-Gaia-1536x1536.png 1536w\" sizes=\"auto, (max-width: 326px) 100vw, 326px\" \/><\/p>\n<p>&nbsp;<\/p>\n","protected":false},"excerpt":{"rendered":"<p>La Coral de l\u2019escola ha finalitzat el curs amb un brillant concert, celebrat al Castell, el divendres 2 de juny. Han interpretat GAIA, una cantata interestel\u00b7lar, amb m\u00fasica de Xavier Pastrana i lletra d\u2019Ariadna Pastor, que narra les perip\u00e8cies d\u2019uns cient\u00edfics que decideixen deixar la Terra perqu\u00e8 s\u2019ha tornat inhabitable i conviden a tothom del [&hellip;]<\/p>\n","protected":false},"author":1,"featured_media":16507,"comment_status":"open","ping_status":"closed","sticky":false,"template":"","format":"standard","meta":{"_bbp_topic_count":0,"_bbp_reply_count":0,"_bbp_total_topic_count":0,"_bbp_total_reply_count":0,"_bbp_voice_count":0,"_bbp_anonymous_reply_count":0,"_bbp_topic_count_hidden":0,"_bbp_reply_count_hidden":0,"_bbp_forum_subforum_count":0,"site-sidebar-layout":"default","site-content-layout":"","ast-site-content-layout":"","site-content-style":"default","site-sidebar-style":"default","ast-global-header-display":"","ast-banner-title-visibility":"","ast-main-header-display":"","ast-hfb-above-header-display":"","ast-hfb-below-header-display":"","ast-hfb-mobile-header-display":"","site-post-title":"","ast-breadcrumbs-content":"","ast-featured-img":"","footer-sml-layout":"","theme-transparent-header-meta":"","adv-header-id-meta":"","stick-header-meta":"","header-above-stick-meta":"","header-main-stick-meta":"","header-below-stick-meta":"","astra-migrate-meta-layouts":"default","ast-page-background-enabled":"default","ast-page-background-meta":{"desktop":{"background-color":"var(--ast-global-color-4)","background-image":"","background-repeat":"repeat","background-position":"center center","background-size":"auto","background-attachment":"scroll","background-type":"","background-media":"","overlay-type":"","overlay-color":"","overlay-opacity":"","overlay-gradient":""},"tablet":{"background-color":"","background-image":"","background-repeat":"repeat","background-position":"center center","background-size":"auto","background-attachment":"scroll","background-type":"","background-media":"","overlay-type":"","overlay-color":"","overlay-opacity":"","overlay-gradient":""},"mobile":{"background-color":"","background-image":"","background-repeat":"repeat","background-position":"center center","background-size":"auto","background-attachment":"scroll","background-type":"","background-media":"","overlay-type":"","overlay-color":"","overlay-opacity":"","overlay-gradient":""}},"ast-content-background-meta":{"desktop":{"background-color":"var(--ast-global-color-5)","background-image":"","background-repeat":"repeat","background-position":"center center","background-size":"auto","background-attachment":"scroll","background-type":"","background-media":"","overlay-type":"","overlay-color":"","overlay-opacity":"","overlay-gradient":""},"tablet":{"background-color":"var(--ast-global-color-5)","background-image":"","background-repeat":"repeat","background-position":"center center","background-size":"auto","background-attachment":"scroll","background-type":"","background-media":"","overlay-type":"","overlay-color":"","overlay-opacity":"","overlay-gradient":""},"mobile":{"background-color":"var(--ast-global-color-5)","background-image":"","background-repeat":"repeat","background-position":"center center","background-size":"auto","background-attachment":"scroll","background-type":"","background-media":"","overlay-type":"","overlay-color":"","overlay-opacity":"","overlay-gradient":""}},"footnotes":""},"categories":[4],"tags":[945,427],"class_list":["post-16505","post","type-post","status-publish","format-standard","has-post-thumbnail","hentry","category-portada","tag-coral","tag-musica"],"post_mailing_queue_ids":[],"_links":{"self":[{"href":"https:\/\/agora.xtec.cat\/escola-abelferrater\/wp-json\/wp\/v2\/posts\/16505","targetHints":{"allow":["GET"]}}],"collection":[{"href":"https:\/\/agora.xtec.cat\/escola-abelferrater\/wp-json\/wp\/v2\/posts"}],"about":[{"href":"https:\/\/agora.xtec.cat\/escola-abelferrater\/wp-json\/wp\/v2\/types\/post"}],"author":[{"embeddable":true,"href":"https:\/\/agora.xtec.cat\/escola-abelferrater\/wp-json\/wp\/v2\/users\/1"}],"replies":[{"embeddable":true,"href":"https:\/\/agora.xtec.cat\/escola-abelferrater\/wp-json\/wp\/v2\/comments?post=16505"}],"version-history":[{"count":3,"href":"https:\/\/agora.xtec.cat\/escola-abelferrater\/wp-json\/wp\/v2\/posts\/16505\/revisions"}],"predecessor-version":[{"id":16517,"href":"https:\/\/agora.xtec.cat\/escola-abelferrater\/wp-json\/wp\/v2\/posts\/16505\/revisions\/16517"}],"wp:featuredmedia":[{"embeddable":true,"href":"https:\/\/agora.xtec.cat\/escola-abelferrater\/wp-json\/wp\/v2\/media\/16507"}],"wp:attachment":[{"href":"https:\/\/agora.xtec.cat\/escola-abelferrater\/wp-json\/wp\/v2\/media?parent=16505"}],"wp:term":[{"taxonomy":"category","embeddable":true,"href":"https:\/\/agora.xtec.cat\/escola-abelferrater\/wp-json\/wp\/v2\/categories?post=16505"},{"taxonomy":"post_tag","embeddable":true,"href":"https:\/\/agora.xtec.cat\/escola-abelferrater\/wp-json\/wp\/v2\/tags?post=16505"}],"curies":[{"name":"wp","href":"https:\/\/api.w.org\/{rel}","templated":true}]}}