{"id":14658,"date":"2022-02-24T14:06:09","date_gmt":"2022-02-24T13:06:09","guid":{"rendered":"https:\/\/agora.xtec.cat\/escola-abelferrater\/?p=14658"},"modified":"2022-02-24T14:06:09","modified_gmt":"2022-02-24T13:06:09","slug":"els-i-les-de-4t-sortim-al-cami-del-rec","status":"publish","type":"post","link":"https:\/\/agora.xtec.cat\/escola-abelferrater\/general\/els-i-les-de-4t-sortim-al-cami-del-rec\/","title":{"rendered":"Els i les de 4t sortim al Cam\u00ed del Rec"},"content":{"rendered":"<p>Aquesta setmana pr\u00e8via al Carnaval est\u00e0 sent especial, amb les ordres del Carnestoltes, les sortides, els tallers del divendres&#8230;<\/p>\n<p>El dilluns dia 21 de febrer vam fer una sortida al Cam\u00ed del Rec. El nostre objectiu era arribar al Pont Alt i all\u00ed fer un esmorzar &#8220;gras&#8221;. Aix\u00ed va ser, vam arribar fins i tot una mica m\u00e9s enll\u00e0, a la Resclosa.<\/p>\n<p>Va ser un mat\u00ed fant\u00e0stic, amb sol radiant i amb bon ambient entre els nens i nenes que es van poder barrejar i tornar a respirar una mica de normalitat despr\u00e9s de tant temps sota les restriccions per culpa de la pand\u00e8mia.<\/p>\n<p>A continuaci\u00f3 us deixem les imatges del dia i us convidem a fer algun comentari. Feu clic sobre la imatge.<\/p>\n<p><a href=\"https:\/\/photos.app.goo.gl\/6nv46AQ6VZ2ZRNiG6\"><img loading=\"lazy\" decoding=\"async\" class=\"wp-image-14660 aligncenter\" src=\"https:\/\/agora.xtec.cat\/escola-abelferrater\/wp-content\/uploads\/usu1450\/2022\/02\/1645706555173-576x1024.jpg\" alt=\"\" width=\"202\" height=\"359\" srcset=\"https:\/\/agora.xtec.cat\/escola-abelferrater\/wp-content\/uploads\/usu1450\/2022\/02\/1645706555173-576x1024.jpg 576w, https:\/\/agora.xtec.cat\/escola-abelferrater\/wp-content\/uploads\/usu1450\/2022\/02\/1645706555173-169x300.jpg 169w, https:\/\/agora.xtec.cat\/escola-abelferrater\/wp-content\/uploads\/usu1450\/2022\/02\/1645706555173-768x1365.jpg 768w, https:\/\/agora.xtec.cat\/escola-abelferrater\/wp-content\/uploads\/usu1450\/2022\/02\/1645706555173-864x1536.jpg 864w, https:\/\/agora.xtec.cat\/escola-abelferrater\/wp-content\/uploads\/usu1450\/2022\/02\/1645706555173-1152x2048.jpg 1152w, https:\/\/agora.xtec.cat\/escola-abelferrater\/wp-content\/uploads\/usu1450\/2022\/02\/1645706555173-scaled.jpg 1440w\" sizes=\"auto, (max-width: 202px) 100vw, 202px\" \/><\/a><\/p>\n","protected":false},"excerpt":{"rendered":"<p>Aquesta setmana pr\u00e8via al Carnaval est\u00e0 sent especial, amb les ordres del Carnestoltes, les sortides, els tallers del divendres&#8230; El dilluns dia 21 de febrer vam fer una sortida al Cam\u00ed del Rec. El nostre objectiu era arribar al Pont Alt i all\u00ed fer un esmorzar &#8220;gras&#8221;. Aix\u00ed va ser, vam arribar fins i tot [&hellip;]<\/p>\n","protected":false},"author":9,"featured_media":14659,"comment_status":"open","ping_status":"closed","sticky":false,"template":"","format":"standard","meta":{"_bbp_topic_count":0,"_bbp_reply_count":0,"_bbp_total_topic_count":0,"_bbp_total_reply_count":0,"_bbp_voice_count":0,"_bbp_anonymous_reply_count":0,"_bbp_topic_count_hidden":0,"_bbp_reply_count_hidden":0,"_bbp_forum_subforum_count":0,"site-sidebar-layout":"default","site-content-layout":"","ast-site-content-layout":"","site-content-style":"default","site-sidebar-style":"default","ast-global-header-display":"","ast-banner-title-visibility":"","ast-main-header-display":"","ast-hfb-above-header-display":"","ast-hfb-below-header-display":"","ast-hfb-mobile-header-display":"","site-post-title":"","ast-breadcrumbs-content":"","ast-featured-img":"","footer-sml-layout":"","theme-transparent-header-meta":"","adv-header-id-meta":"","stick-header-meta":"","header-above-stick-meta":"","header-main-stick-meta":"","header-below-stick-meta":"","astra-migrate-meta-layouts":"default","ast-page-background-enabled":"default","ast-page-background-meta":{"desktop":{"background-color":"var(--ast-global-color-4)","background-image":"","background-repeat":"repeat","background-position":"center center","background-size":"auto","background-attachment":"scroll","background-type":"","background-media":"","overlay-type":"","overlay-color":"","overlay-opacity":"","overlay-gradient":""},"tablet":{"background-color":"","background-image":"","background-repeat":"repeat","background-position":"center center","background-size":"auto","background-attachment":"scroll","background-type":"","background-media":"","overlay-type":"","overlay-color":"","overlay-opacity":"","overlay-gradient":""},"mobile":{"background-color":"","background-image":"","background-repeat":"repeat","background-position":"center center","background-size":"auto","background-attachment":"scroll","background-type":"","background-media":"","overlay-type":"","overlay-color":"","overlay-opacity":"","overlay-gradient":""}},"ast-content-background-meta":{"desktop":{"background-color":"var(--ast-global-color-5)","background-image":"","background-repeat":"repeat","background-position":"center center","background-size":"auto","background-attachment":"scroll","background-type":"","background-media":"","overlay-type":"","overlay-color":"","overlay-opacity":"","overlay-gradient":""},"tablet":{"background-color":"var(--ast-global-color-5)","background-image":"","background-repeat":"repeat","background-position":"center center","background-size":"auto","background-attachment":"scroll","background-type":"","background-media":"","overlay-type":"","overlay-color":"","overlay-opacity":"","overlay-gradient":""},"mobile":{"background-color":"var(--ast-global-color-5)","background-image":"","background-repeat":"repeat","background-position":"center center","background-size":"auto","background-attachment":"scroll","background-type":"","background-media":"","overlay-type":"","overlay-color":"","overlay-opacity":"","overlay-gradient":""}},"footnotes":""},"categories":[1,4],"tags":[],"class_list":["post-14658","post","type-post","status-publish","format-standard","has-post-thumbnail","hentry","category-general","category-portada"],"post_mailing_queue_ids":[],"_links":{"self":[{"href":"https:\/\/agora.xtec.cat\/escola-abelferrater\/wp-json\/wp\/v2\/posts\/14658","targetHints":{"allow":["GET"]}}],"collection":[{"href":"https:\/\/agora.xtec.cat\/escola-abelferrater\/wp-json\/wp\/v2\/posts"}],"about":[{"href":"https:\/\/agora.xtec.cat\/escola-abelferrater\/wp-json\/wp\/v2\/types\/post"}],"author":[{"embeddable":true,"href":"https:\/\/agora.xtec.cat\/escola-abelferrater\/wp-json\/wp\/v2\/users\/9"}],"replies":[{"embeddable":true,"href":"https:\/\/agora.xtec.cat\/escola-abelferrater\/wp-json\/wp\/v2\/comments?post=14658"}],"version-history":[{"count":1,"href":"https:\/\/agora.xtec.cat\/escola-abelferrater\/wp-json\/wp\/v2\/posts\/14658\/revisions"}],"predecessor-version":[{"id":14661,"href":"https:\/\/agora.xtec.cat\/escola-abelferrater\/wp-json\/wp\/v2\/posts\/14658\/revisions\/14661"}],"wp:featuredmedia":[{"embeddable":true,"href":"https:\/\/agora.xtec.cat\/escola-abelferrater\/wp-json\/wp\/v2\/media\/14659"}],"wp:attachment":[{"href":"https:\/\/agora.xtec.cat\/escola-abelferrater\/wp-json\/wp\/v2\/media?parent=14658"}],"wp:term":[{"taxonomy":"category","embeddable":true,"href":"https:\/\/agora.xtec.cat\/escola-abelferrater\/wp-json\/wp\/v2\/categories?post=14658"},{"taxonomy":"post_tag","embeddable":true,"href":"https:\/\/agora.xtec.cat\/escola-abelferrater\/wp-json\/wp\/v2\/tags?post=14658"}],"curies":[{"name":"wp","href":"https:\/\/api.w.org\/{rel}","templated":true}]}}