{"id":12060,"date":"2021-02-03T16:20:39","date_gmt":"2021-02-03T15:20:39","guid":{"rendered":"http:\/\/agora.xtec.cat\/escola-abelferrater\/?p=12060"},"modified":"2021-02-03T16:20:59","modified_gmt":"2021-02-03T15:20:59","slug":"grans-novetats-a-la-biblioteca-de-lescola","status":"publish","type":"post","link":"https:\/\/agora.xtec.cat\/escola-abelferrater\/general\/grans-novetats-a-la-biblioteca-de-lescola\/","title":{"rendered":"Grans novetats a la biblioteca de l&#8217;escola"},"content":{"rendered":"<p>Aquest mes de gener l&#8217;AMPA de l&#8217;escola ens ha fet arribar una donaci\u00f3 de llibres i contes per a la biblioteca escolar. N&#8217;hi ha molt\u00edssims i s\u00f3n de diverses tem\u00e0tiques.<\/p>\n<p>L&#8217;escola els dona les gr\u00e0cies! Estem segurs que els nens i nenes els gaudiran molt.<\/p>\n<p>Si cliqueu a la imatge podreu veure un recull dels diferents contes i llibres.<\/p>\n<p>GR\u00c0CIES &#8211; GR\u00c0CIES &#8211; GR\u00c0CIES &#8211; GR\u00c0CIES &#8211; GR\u00c0CIES &#8211; GR\u00c0CIES &#8211; GR\u00c0CIES &#8211; GR\u00c0CIES &#8211; GR\u00c0CIES &#8211; GR\u00c0CIES &#8211; GR\u00c0CIES<\/p>\n<p><a href=\"https:\/\/www.youtube.com\/watch?v=i2ePu8GeqHM&amp;t=1s\"><img loading=\"lazy\" decoding=\"async\" class=\"aligncenter size-full wp-image-12061\" src=\"https:\/\/agora.xtec.cat\/escola-abelferrater\/wp-content\/uploads\/usu1450\/2021\/02\/Captura-de-pantalla-2021-02-03-a-les-9.00.37.png\" alt=\"\" width=\"1287\" height=\"791\" srcset=\"https:\/\/agora.xtec.cat\/escola-abelferrater\/wp-content\/uploads\/usu1450\/2021\/02\/Captura-de-pantalla-2021-02-03-a-les-9.00.37.png 1287w, https:\/\/agora.xtec.cat\/escola-abelferrater\/wp-content\/uploads\/usu1450\/2021\/02\/Captura-de-pantalla-2021-02-03-a-les-9.00.37-300x184.png 300w, https:\/\/agora.xtec.cat\/escola-abelferrater\/wp-content\/uploads\/usu1450\/2021\/02\/Captura-de-pantalla-2021-02-03-a-les-9.00.37-768x472.png 768w, https:\/\/agora.xtec.cat\/escola-abelferrater\/wp-content\/uploads\/usu1450\/2021\/02\/Captura-de-pantalla-2021-02-03-a-les-9.00.37-1024x629.png 1024w\" sizes=\"auto, (max-width: 1287px) 100vw, 1287px\" \/><\/a><\/p>\n","protected":false},"excerpt":{"rendered":"<p>Aquest mes de gener l&#8217;AMPA de l&#8217;escola ens ha fet arribar una donaci\u00f3 de llibres i contes per a la biblioteca escolar. N&#8217;hi ha molt\u00edssims i s\u00f3n de diverses tem\u00e0tiques. L&#8217;escola els dona les gr\u00e0cies! Estem segurs que els nens i nenes els gaudiran molt. Si cliqueu a la imatge podreu veure un recull dels [&hellip;]<\/p>\n","protected":false},"author":1,"featured_media":12061,"comment_status":"open","ping_status":"closed","sticky":false,"template":"","format":"standard","meta":{"_bbp_topic_count":0,"_bbp_reply_count":0,"_bbp_total_topic_count":0,"_bbp_total_reply_count":0,"_bbp_voice_count":0,"_bbp_anonymous_reply_count":0,"_bbp_topic_count_hidden":0,"_bbp_reply_count_hidden":0,"_bbp_forum_subforum_count":0,"site-sidebar-layout":"default","site-content-layout":"","ast-site-content-layout":"","site-content-style":"default","site-sidebar-style":"default","ast-global-header-display":"","ast-banner-title-visibility":"","ast-main-header-display":"","ast-hfb-above-header-display":"","ast-hfb-below-header-display":"","ast-hfb-mobile-header-display":"","site-post-title":"","ast-breadcrumbs-content":"","ast-featured-img":"","footer-sml-layout":"","theme-transparent-header-meta":"","adv-header-id-meta":"","stick-header-meta":"","header-above-stick-meta":"","header-main-stick-meta":"","header-below-stick-meta":"","astra-migrate-meta-layouts":"default","ast-page-background-enabled":"default","ast-page-background-meta":{"desktop":{"background-color":"var(--ast-global-color-4)","background-image":"","background-repeat":"repeat","background-position":"center center","background-size":"auto","background-attachment":"scroll","background-type":"","background-media":"","overlay-type":"","overlay-color":"","overlay-opacity":"","overlay-gradient":""},"tablet":{"background-color":"","background-image":"","background-repeat":"repeat","background-position":"center center","background-size":"auto","background-attachment":"scroll","background-type":"","background-media":"","overlay-type":"","overlay-color":"","overlay-opacity":"","overlay-gradient":""},"mobile":{"background-color":"","background-image":"","background-repeat":"repeat","background-position":"center center","background-size":"auto","background-attachment":"scroll","background-type":"","background-media":"","overlay-type":"","overlay-color":"","overlay-opacity":"","overlay-gradient":""}},"ast-content-background-meta":{"desktop":{"background-color":"var(--ast-global-color-5)","background-image":"","background-repeat":"repeat","background-position":"center center","background-size":"auto","background-attachment":"scroll","background-type":"","background-media":"","overlay-type":"","overlay-color":"","overlay-opacity":"","overlay-gradient":""},"tablet":{"background-color":"var(--ast-global-color-5)","background-image":"","background-repeat":"repeat","background-position":"center center","background-size":"auto","background-attachment":"scroll","background-type":"","background-media":"","overlay-type":"","overlay-color":"","overlay-opacity":"","overlay-gradient":""},"mobile":{"background-color":"var(--ast-global-color-5)","background-image":"","background-repeat":"repeat","background-position":"center center","background-size":"auto","background-attachment":"scroll","background-type":"","background-media":"","overlay-type":"","overlay-color":"","overlay-opacity":"","overlay-gradient":""}},"footnotes":""},"categories":[1,4,3,368],"tags":[],"class_list":["post-12060","post","type-post","status-publish","format-standard","has-post-thumbnail","hentry","category-general","category-portada","category-3","category-368"],"post_mailing_queue_ids":[],"_links":{"self":[{"href":"https:\/\/agora.xtec.cat\/escola-abelferrater\/wp-json\/wp\/v2\/posts\/12060","targetHints":{"allow":["GET"]}}],"collection":[{"href":"https:\/\/agora.xtec.cat\/escola-abelferrater\/wp-json\/wp\/v2\/posts"}],"about":[{"href":"https:\/\/agora.xtec.cat\/escola-abelferrater\/wp-json\/wp\/v2\/types\/post"}],"author":[{"embeddable":true,"href":"https:\/\/agora.xtec.cat\/escola-abelferrater\/wp-json\/wp\/v2\/users\/1"}],"replies":[{"embeddable":true,"href":"https:\/\/agora.xtec.cat\/escola-abelferrater\/wp-json\/wp\/v2\/comments?post=12060"}],"version-history":[{"count":1,"href":"https:\/\/agora.xtec.cat\/escola-abelferrater\/wp-json\/wp\/v2\/posts\/12060\/revisions"}],"predecessor-version":[{"id":12062,"href":"https:\/\/agora.xtec.cat\/escola-abelferrater\/wp-json\/wp\/v2\/posts\/12060\/revisions\/12062"}],"wp:featuredmedia":[{"embeddable":true,"href":"https:\/\/agora.xtec.cat\/escola-abelferrater\/wp-json\/wp\/v2\/media\/12061"}],"wp:attachment":[{"href":"https:\/\/agora.xtec.cat\/escola-abelferrater\/wp-json\/wp\/v2\/media?parent=12060"}],"wp:term":[{"taxonomy":"category","embeddable":true,"href":"https:\/\/agora.xtec.cat\/escola-abelferrater\/wp-json\/wp\/v2\/categories?post=12060"},{"taxonomy":"post_tag","embeddable":true,"href":"https:\/\/agora.xtec.cat\/escola-abelferrater\/wp-json\/wp\/v2\/tags?post=12060"}],"curies":[{"name":"wp","href":"https:\/\/api.w.org\/{rel}","templated":true}]}}