{"id":855,"date":"2018-10-13T12:04:16","date_gmt":"2018-10-13T10:04:16","guid":{"rendered":"http:\/\/agora.xtec.cat\/escmusicavic\/?p=855"},"modified":"2018-10-13T12:13:27","modified_gmt":"2018-10-13T10:13:27","slug":"el-professor-luca-chiantori-inaugurara-oficialment-el-curs-academic-el-proper-dimarts-23-doctubre","status":"publish","type":"post","link":"https:\/\/agora.xtec.cat\/escmusicavic\/portada\/el-professor-luca-chiantori-inaugurara-oficialment-el-curs-academic-el-proper-dimarts-23-doctubre\/","title":{"rendered":"El professor Luca Chiantore inaugurar\u00e0 oficialment el curs acad\u00e8mic el proper dimarts, 23 d&#8217;octubre"},"content":{"rendered":"<p>El pianista i music\u00f2leg itali\u00e0 Luca Chiantore ser\u00e0 l&#8217;encarregat de la lli\u00e7\u00f3 inaugural del curs 2018 &#8211; 2019 que tindr\u00e0 lloc a la Sala de la Columna el proper dimarts, 23 d&#8217;octubre a les 20h. Luca Chiantore \u00e9s especialista en l&#8217;estudi de la t\u00e8cnica pian\u00edstica, tema sobre el que ha escrit llibres i articles diversos. \u00c9s professor de l&#8217;ESMUC des de la seva fundaci\u00f3 \u00a0i col\u00b7labora habitualment \u00a0amb diferents Universitats i Conservatoris, especialment d&#8217;Europa i Sud-Am\u00e8rica. L&#8217;acte estar\u00e0 presidit per l&#8217;alcaldessa Anna Erra i comptar\u00e0 tamb\u00e9 amb la intervenci\u00f3 de la nova directora de l&#8217;Escola de M\u00fasica i Conservatori de Vic, Dol\u00e7a Albert.<\/p>\n","protected":false},"excerpt":{"rendered":"<p>El pianista i music\u00f2leg itali\u00e0 Luca Chiantore ser\u00e0 l&#8217;encarregat de la lli\u00e7\u00f3 inaugural del curs 2018 &#8211; 2019 que tindr\u00e0 lloc a la Sala de la Columna el proper dimarts, 23 d&#8217;octubre a les 20h. Luca Chiantore \u00e9s especialista en l&#8217;estudi de la t\u00e8cnica pian\u00edstica,&hellip;  <a href=\"https:\/\/agora.xtec.cat\/escmusicavic\/portada\/el-professor-luca-chiantori-inaugurara-oficialment-el-curs-academic-el-proper-dimarts-23-doctubre\/\" title=\"Read El professor Luca Chiantore inaugurar\u00e0 oficialment el curs acad\u00e8mic el proper dimarts, 23 d&#8217;octubre\">Llegeix m\u00e9s\u00bb<\/a><\/p>\n","protected":false},"author":1,"featured_media":859,"comment_status":"closed","ping_status":"closed","sticky":false,"template":"","format":"standard","meta":{"_bbp_topic_count":0,"_bbp_reply_count":0,"_bbp_total_topic_count":0,"_bbp_total_reply_count":0,"_bbp_voice_count":0,"_bbp_anonymous_reply_count":0,"_bbp_topic_count_hidden":0,"_bbp_reply_count_hidden":0,"_bbp_forum_subforum_count":0,"footnotes":""},"categories":[29],"tags":[],"class_list":["post-855","post","type-post","status-publish","format-standard","has-post-thumbnail","hentry","category-portada"],"post_mailing_queue_ids":[],"_links":{"self":[{"href":"https:\/\/agora.xtec.cat\/escmusicavic\/wp-json\/wp\/v2\/posts\/855","targetHints":{"allow":["GET"]}}],"collection":[{"href":"https:\/\/agora.xtec.cat\/escmusicavic\/wp-json\/wp\/v2\/posts"}],"about":[{"href":"https:\/\/agora.xtec.cat\/escmusicavic\/wp-json\/wp\/v2\/types\/post"}],"author":[{"embeddable":true,"href":"https:\/\/agora.xtec.cat\/escmusicavic\/wp-json\/wp\/v2\/users\/1"}],"replies":[{"embeddable":true,"href":"https:\/\/agora.xtec.cat\/escmusicavic\/wp-json\/wp\/v2\/comments?post=855"}],"version-history":[{"count":3,"href":"https:\/\/agora.xtec.cat\/escmusicavic\/wp-json\/wp\/v2\/posts\/855\/revisions"}],"predecessor-version":[{"id":861,"href":"https:\/\/agora.xtec.cat\/escmusicavic\/wp-json\/wp\/v2\/posts\/855\/revisions\/861"}],"wp:featuredmedia":[{"embeddable":true,"href":"https:\/\/agora.xtec.cat\/escmusicavic\/wp-json\/wp\/v2\/media\/859"}],"wp:attachment":[{"href":"https:\/\/agora.xtec.cat\/escmusicavic\/wp-json\/wp\/v2\/media?parent=855"}],"wp:term":[{"taxonomy":"category","embeddable":true,"href":"https:\/\/agora.xtec.cat\/escmusicavic\/wp-json\/wp\/v2\/categories?post=855"},{"taxonomy":"post_tag","embeddable":true,"href":"https:\/\/agora.xtec.cat\/escmusicavic\/wp-json\/wp\/v2\/tags?post=855"}],"curies":[{"name":"wp","href":"https:\/\/api.w.org\/{rel}","templated":true}]}}