{"id":7377,"date":"2025-07-22T18:07:48","date_gmt":"2025-07-22T16:07:48","guid":{"rendered":"https:\/\/agora.xtec.cat\/escmusicavic\/?p=7377"},"modified":"2025-07-22T18:34:07","modified_gmt":"2025-07-22T16:34:07","slug":"actualitzacio-de-llistats-de-preinscrits-dins-i-fora-de-termini-fins-el-15-de-juliol","status":"publish","type":"post","link":"https:\/\/agora.xtec.cat\/escmusicavic\/general\/actualitzacio-de-llistats-de-preinscrits-dins-i-fora-de-termini-fins-el-15-de-juliol\/","title":{"rendered":"ACTUALITZACI\u00d3 DE LLISTATS DE PREINSCRITS DINS I FORA DE TERMINI FINS EL 15 DE JULIOL"},"content":{"rendered":"<p>Accediu als seg\u00fcents enlla\u00e7os per veure l\u2019actualitzaci\u00f3 de sol\u00b7licituds realitzades dins i fora de termini a l\u2019EMVIC (Vic):<\/p>\n<p><strong><a href=\"https:\/\/agora.xtec.cat\/escmusicavic\/wp-content\/uploads\/usu1071\/2025\/07\/PREINSCRIPCIO-2025-2026-ACTUALITZACIO-LLISTAT-CONEIX-LA-MUSICA_DINS-I-FORA-TERMINI_V20250722.pdf\">Actualitzaci\u00f3 de Coneix la M\u00fasica<\/a><\/strong> (i0, i1 i i2 &#8211; inscripcions dins i fora de termini)<\/p>\n<p><a href=\"https:\/\/agora.xtec.cat\/escmusicavic\/wp-content\/uploads\/usu1071\/2025\/07\/PREINSCRIPCIO-2025-2026-ACTUALITZACIO-LLISTAT-I3_DINS-I-FORA-TERMINI_V20250722.pdf\"><strong>Actualitzaci\u00f3 de i3<\/strong><\/a> (inscripcions dins i fora de termini)<\/p>\n<p><a href=\"https:\/\/agora.xtec.cat\/escmusicavic\/wp-content\/uploads\/usu1071\/2025\/07\/PREINSCRIPCIO-2025-2026-ACTUALITZACIO-LLISTAT-I4-I5-DINS-TERMINI_V20250722.pdf\"><strong>Actualitzaci\u00f3 de i4 i i5 <\/strong><\/a>(inscripcions fins el 31 de mar\u00e7)<\/p>\n<p><strong><a href=\"https:\/\/agora.xtec.cat\/escmusicavic\/wp-content\/uploads\/usu1071\/2025\/07\/PREINSCRIPCIO-2025-2026-ACTUALITZACIO-LLISTAT-1NE_DINS-TERMINI_V20250722.pdf\">Actualitzaci\u00f3 de 1r de Nivell Elemental<\/a><\/strong> (inscripcions fins el 31 de mar\u00e7)<\/p>\n<p><a href=\"https:\/\/agora.xtec.cat\/escmusicavic\/wp-content\/uploads\/usu1071\/2025\/07\/PREINSCRIPCIO-2025-2026-ACTUALITZACIO-LLISTAT-RESTA-NE_DINS-TERMINI_V20250722.pdf\"><strong>Actualitzaci\u00f3 resta de cursos de Nivell Elemental<\/strong><\/a> (inscripcions fins el 31 de mar\u00e7)<\/p>\n<p><a href=\"https:\/\/agora.xtec.cat\/escmusicavic\/wp-content\/uploads\/usu1071\/2025\/07\/PREINSCRIPCIO-2025-2026-ACTUALITZACIO-LLISTAT-NIVELL-MITJA_DINS-TERMINI_V20250722.pdf\"><strong>Actualitzaci\u00f3 de Nivell Mitj\u00e0<\/strong><\/a> (inscripcions fins el 31 de mar\u00e7)<\/p>\n<p><a href=\"https:\/\/agora.xtec.cat\/escmusicavic\/wp-content\/uploads\/usu1071\/2025\/07\/PREINSCRIPCIO-2025-2026-ACTUALITZACIO-LLISTAT-TOTS-PROGRAMES_FORA-TERMINI_V20250722.pdf\"><strong>Actualitzaci\u00f3 de sol\u00b7licituds fora de termini des de l\u20191 d\u2019abril al 15 de juliol<\/strong><\/a>\u00a0(i4, i5, Nivell Elemental i Nivell Mitj\u00e0)<\/p>\n","protected":false},"excerpt":{"rendered":"<p>Accediu als seg\u00fcents enlla\u00e7os per veure l\u2019actualitzaci\u00f3 de sol\u00b7licituds realitzades dins i fora de termini a l\u2019EMVIC (Vic):<br \/>\n<a href=\"https:\/\/agora.xtec.cat\/escmusicavic\/wp-content\/uploads\/usu1071\/2025\/07\/PREINSCRIPCIO-2025-2026-ACTUALITZACIO-LLISTAT-CONEIX-LA-MUSICA_DINS-I-FORA-TERMINI_V20250722.pdf\">Actualitzaci\u00f3 de Coneix la M\u00fasica<\/a> (i0, i1 i i2 &#8211; inscripcions dins i fora de termini)<br \/>\n<a href=\"https:\/\/agora.xtec.cat\/escmusicavic\/wp-content\/uploads\/usu1071\/2025\/07\/PREINSCRIPCIO-2025-2026-ACTUALITZACIO-LLISTAT-I3_DINS-I-FORA-TERMINI_V20250722.pdf\">Actualitzaci\u00f3 de i3<\/a> (inscripcions dins i fora de termini)<br \/>\n<a href=\"https:\/\/agora.xtec.cat\/escmusicavic\/wp-content\/uploads\/usu1071\/2025\/07\/PREINSCRIPCIO-2025-2026-ACTUALITZACIO-LLISTAT-I4-I5-DINS-TERMINI_V20250722.pdf\">Actualitzaci\u00f3 de&hellip;  <a href=\"https:\/\/agora.xtec.cat\/escmusicavic\/general\/actualitzacio-de-llistats-de-preinscrits-dins-i-fora-de-termini-fins-el-15-de-juliol\/\" title=\"Read ACTUALITZACI\u00d3 DE LLISTATS DE PREINSCRITS DINS I FORA DE TERMINI FINS EL 15 DE JULIOL\">Llegeix m\u00e9s\u00bb<\/a><\/p>\n","protected":false},"author":11,"featured_media":0,"comment_status":"closed","ping_status":"open","sticky":false,"template":"","format":"standard","meta":{"_bbp_topic_count":0,"_bbp_reply_count":0,"_bbp_total_topic_count":0,"_bbp_total_reply_count":0,"_bbp_voice_count":0,"_bbp_anonymous_reply_count":0,"_bbp_topic_count_hidden":0,"_bbp_reply_count_hidden":0,"_bbp_forum_subforum_count":0,"footnotes":""},"categories":[1,29],"tags":[],"class_list":["post-7377","post","type-post","status-publish","format-standard","hentry","category-general","category-portada"],"post_mailing_queue_ids":[],"_links":{"self":[{"href":"https:\/\/agora.xtec.cat\/escmusicavic\/wp-json\/wp\/v2\/posts\/7377","targetHints":{"allow":["GET"]}}],"collection":[{"href":"https:\/\/agora.xtec.cat\/escmusicavic\/wp-json\/wp\/v2\/posts"}],"about":[{"href":"https:\/\/agora.xtec.cat\/escmusicavic\/wp-json\/wp\/v2\/types\/post"}],"author":[{"embeddable":true,"href":"https:\/\/agora.xtec.cat\/escmusicavic\/wp-json\/wp\/v2\/users\/11"}],"replies":[{"embeddable":true,"href":"https:\/\/agora.xtec.cat\/escmusicavic\/wp-json\/wp\/v2\/comments?post=7377"}],"version-history":[{"count":3,"href":"https:\/\/agora.xtec.cat\/escmusicavic\/wp-json\/wp\/v2\/posts\/7377\/revisions"}],"predecessor-version":[{"id":7387,"href":"https:\/\/agora.xtec.cat\/escmusicavic\/wp-json\/wp\/v2\/posts\/7377\/revisions\/7387"}],"wp:attachment":[{"href":"https:\/\/agora.xtec.cat\/escmusicavic\/wp-json\/wp\/v2\/media?parent=7377"}],"wp:term":[{"taxonomy":"category","embeddable":true,"href":"https:\/\/agora.xtec.cat\/escmusicavic\/wp-json\/wp\/v2\/categories?post=7377"},{"taxonomy":"post_tag","embeddable":true,"href":"https:\/\/agora.xtec.cat\/escmusicavic\/wp-json\/wp\/v2\/tags?post=7377"}],"curies":[{"name":"wp","href":"https:\/\/api.w.org\/{rel}","templated":true}]}}