{"id":7352,"date":"2025-07-08T10:21:37","date_gmt":"2025-07-08T08:21:37","guid":{"rendered":"https:\/\/agora.xtec.cat\/escmusicavic\/?p=7352"},"modified":"2025-07-08T10:21:37","modified_gmt":"2025-07-08T08:21:37","slug":"resolucio-de-preinscripcions-de-coneix-la-musica-i-i3","status":"publish","type":"post","link":"https:\/\/agora.xtec.cat\/escmusicavic\/general\/resolucio-de-preinscripcions-de-coneix-la-musica-i-i3\/","title":{"rendered":"RESOLUCI\u00d3 DE PREINSCRIPCIONS DE CONEIX LA M\u00daSICA I I3"},"content":{"rendered":"<p>Accediu al seg\u00fcent enlla\u00e7 per veure el llistat de preinscripcions de CoNeix la M\u00fasica que han obtingut pla\u00e7a*:<\/p>\n<p><a href=\"https:\/\/agora.xtec.cat\/escmusicavic\/wp-content\/uploads\/usu1071\/2025\/07\/PREINSCRIPCIONS-2025-2026-CONEIX_ADJUDICACIO-PLACES20250708.pdf\"><strong>Adjudicacio de places a Coneix la M\u00fasica\u00a0<\/strong><\/a><\/p>\n<p>Accediu al seg\u00fcent enlla\u00e7 per veure el llistat de preinscripcions de i3 que han obtingut pla\u00e7a*:<\/p>\n<p><a href=\"https:\/\/agora.xtec.cat\/escmusicavic\/wp-content\/uploads\/usu1071\/2025\/07\/PREINSCRIPCIONS-2025-2026-I3_ADJUDICACIOPLACES20250708.pdf\"><strong>Adjudicaci\u00f3 de places i3<\/strong><\/a><\/p>\n<p class=\"x_contentpasted1\"><span lang=\"ES\"><strong>ATENCI\u00d3:<\/strong> Per saber si heu obtingut pla\u00e7a\u00a0<strong>observeu el color de la\u00a0<u>casella del vostre CODI ID<\/u><\/strong>:<\/span><\/p>\n<ul type=\"disc\">\n<li class=\"x_MsoNormal\"><span lang=\"ES\">Les sol\u00b7licituds que\u00a0<strong>obtenen pla\u00e7a\u00a0<\/strong>tenen el\u00a0<span class=\"x_contentpasted11\" style=\"background-color: #99cc00;\">CODI en verd<\/span><\/span><\/li>\n<\/ul>\n<p>Les sol\u00b7licituds que heu obtingut pla\u00e7a rebreu un correu en breu per informar-vos dels horaris adjudicats i tota la informaci\u00f3 per a fer la matr\u00edcula.<\/p>\n","protected":false},"excerpt":{"rendered":"<p>Accediu al seg\u00fcent enlla\u00e7 per veure el llistat de preinscripcions de CoNeix la M\u00fasica que han obtingut pla\u00e7a*:<br \/>\n<a href=\"https:\/\/agora.xtec.cat\/escmusicavic\/wp-content\/uploads\/usu1071\/2025\/07\/PREINSCRIPCIONS-2025-2026-CONEIX_ADJUDICACIO-PLACES20250708.pdf\">Adjudicacio de places a Coneix la M\u00fasica\u00a0<\/a><br \/>\nAccediu al seg\u00fcent enlla\u00e7 per veure el llistat de preinscripcions de i3 que han obtingut pla\u00e7a*:<br \/>\n<a href=\"https:\/\/agora.xtec.cat\/escmusicavic\/wp-content\/uploads\/usu1071\/2025\/07\/PREINSCRIPCIONS-2025-2026-I3_ADJUDICACIOPLACES20250708.pdf\">Adjudicaci\u00f3 de places i3<\/a><br \/>\nATENCI\u00d3: Per&hellip;  <a href=\"https:\/\/agora.xtec.cat\/escmusicavic\/general\/resolucio-de-preinscripcions-de-coneix-la-musica-i-i3\/\" title=\"Read RESOLUCI\u00d3 DE PREINSCRIPCIONS DE CONEIX LA M\u00daSICA I I3\">Llegeix m\u00e9s\u00bb<\/a><\/p>\n","protected":false},"author":11,"featured_media":0,"comment_status":"closed","ping_status":"open","sticky":false,"template":"","format":"standard","meta":{"_bbp_topic_count":0,"_bbp_reply_count":0,"_bbp_total_topic_count":0,"_bbp_total_reply_count":0,"_bbp_voice_count":0,"_bbp_anonymous_reply_count":0,"_bbp_topic_count_hidden":0,"_bbp_reply_count_hidden":0,"_bbp_forum_subforum_count":0,"footnotes":""},"categories":[1,29],"tags":[],"class_list":["post-7352","post","type-post","status-publish","format-standard","hentry","category-general","category-portada"],"post_mailing_queue_ids":[],"_links":{"self":[{"href":"https:\/\/agora.xtec.cat\/escmusicavic\/wp-json\/wp\/v2\/posts\/7352","targetHints":{"allow":["GET"]}}],"collection":[{"href":"https:\/\/agora.xtec.cat\/escmusicavic\/wp-json\/wp\/v2\/posts"}],"about":[{"href":"https:\/\/agora.xtec.cat\/escmusicavic\/wp-json\/wp\/v2\/types\/post"}],"author":[{"embeddable":true,"href":"https:\/\/agora.xtec.cat\/escmusicavic\/wp-json\/wp\/v2\/users\/11"}],"replies":[{"embeddable":true,"href":"https:\/\/agora.xtec.cat\/escmusicavic\/wp-json\/wp\/v2\/comments?post=7352"}],"version-history":[{"count":1,"href":"https:\/\/agora.xtec.cat\/escmusicavic\/wp-json\/wp\/v2\/posts\/7352\/revisions"}],"predecessor-version":[{"id":7353,"href":"https:\/\/agora.xtec.cat\/escmusicavic\/wp-json\/wp\/v2\/posts\/7352\/revisions\/7353"}],"wp:attachment":[{"href":"https:\/\/agora.xtec.cat\/escmusicavic\/wp-json\/wp\/v2\/media?parent=7352"}],"wp:term":[{"taxonomy":"category","embeddable":true,"href":"https:\/\/agora.xtec.cat\/escmusicavic\/wp-json\/wp\/v2\/categories?post=7352"},{"taxonomy":"post_tag","embeddable":true,"href":"https:\/\/agora.xtec.cat\/escmusicavic\/wp-json\/wp\/v2\/tags?post=7352"}],"curies":[{"name":"wp","href":"https:\/\/api.w.org\/{rel}","templated":true}]}}