{"id":7339,"date":"2025-07-04T15:01:39","date_gmt":"2025-07-04T13:01:39","guid":{"rendered":"https:\/\/agora.xtec.cat\/escmusicavic\/?p=7339"},"modified":"2025-07-04T15:43:58","modified_gmt":"2025-07-04T13:43:58","slug":"llistat-de-preinscrits-a-coneix-la-musica-i-i3-amb-ordre-definitiu-despres-del-sorteig","status":"publish","type":"post","link":"https:\/\/agora.xtec.cat\/escmusicavic\/general\/llistat-de-preinscrits-a-coneix-la-musica-i-i3-amb-ordre-definitiu-despres-del-sorteig\/","title":{"rendered":"LLISTAT DE PREINSCRITS A CONEIX LA M\u00daSICA I i3 AMB ORDRE DEFINITIU DESPR\u00c9S DEL SORTEIG"},"content":{"rendered":"<p>Accediu als seg\u00fcents enlla\u00e7os per veure els llistats de preinscrits a Coneix la M\u00fasica i i3 ordenats despr\u00e9s del sorteig:<\/p>\n<p><strong><a href=\"https:\/\/agora.xtec.cat\/escmusicavic\/wp-content\/uploads\/usu1071\/2025\/07\/PREINSCRIPCIONS-2025-2026-I3_BAREMSDEFINITIUSDESPRESDESORTEIG_20250704.pdf\">Llistat amb ordre definitiu i3<\/a><\/strong><\/p>\n<p><strong><a href=\"https:\/\/agora.xtec.cat\/escmusicavic\/wp-content\/uploads\/usu1071\/2025\/07\/PREINSCRIPCIONS-2025-2026-CONEIX_BAREMSDEFINITIUSDESPRESDESORTEIG_20250704.pdf\">Llistat amb ordre definitiu Coneix la M\u00fasica<\/a><\/strong><\/p>\n<p>Una vegada realitzat el sorteig per establir l&#8217;ordre definitiu de les sol\u00b7licituds realitzades dins de terminis, <strong>dimarts dia 8 de juliol publicarem l&#8217;adjucaci\u00f3 de places<\/strong>.<\/p>\n","protected":false},"excerpt":{"rendered":"<p>Accediu als seg\u00fcents enlla\u00e7os per veure els llistats de preinscrits a Coneix la M\u00fasica i i3 ordenats despr\u00e9s del sorteig:<br \/>\n<a href=\"https:\/\/agora.xtec.cat\/escmusicavic\/wp-content\/uploads\/usu1071\/2025\/07\/PREINSCRIPCIONS-2025-2026-I3_BAREMSDEFINITIUSDESPRESDESORTEIG_20250704.pdf\">Llistat amb ordre definitiu i3<\/a><br \/>\n<a href=\"https:\/\/agora.xtec.cat\/escmusicavic\/wp-content\/uploads\/usu1071\/2025\/07\/PREINSCRIPCIONS-2025-2026-CONEIX_BAREMSDEFINITIUSDESPRESDESORTEIG_20250704.pdf\">Llistat amb ordre definitiu Coneix la M\u00fasica<\/a><br \/>\nUna vegada realitzat el sorteig per establir l&#8217;ordre definitiu de les sol\u00b7licituds realitzades dins&hellip;  <a href=\"https:\/\/agora.xtec.cat\/escmusicavic\/general\/llistat-de-preinscrits-a-coneix-la-musica-i-i3-amb-ordre-definitiu-despres-del-sorteig\/\" title=\"Read LLISTAT DE PREINSCRITS A CONEIX LA M\u00daSICA I i3 AMB ORDRE DEFINITIU DESPR\u00c9S DEL SORTEIG\">Llegeix m\u00e9s\u00bb<\/a><\/p>\n","protected":false},"author":11,"featured_media":0,"comment_status":"closed","ping_status":"open","sticky":false,"template":"","format":"standard","meta":{"_bbp_topic_count":0,"_bbp_reply_count":0,"_bbp_total_topic_count":0,"_bbp_total_reply_count":0,"_bbp_voice_count":0,"_bbp_anonymous_reply_count":0,"_bbp_topic_count_hidden":0,"_bbp_reply_count_hidden":0,"_bbp_forum_subforum_count":0,"footnotes":""},"categories":[1,29],"tags":[],"class_list":["post-7339","post","type-post","status-publish","format-standard","hentry","category-general","category-portada"],"post_mailing_queue_ids":[],"_links":{"self":[{"href":"https:\/\/agora.xtec.cat\/escmusicavic\/wp-json\/wp\/v2\/posts\/7339","targetHints":{"allow":["GET"]}}],"collection":[{"href":"https:\/\/agora.xtec.cat\/escmusicavic\/wp-json\/wp\/v2\/posts"}],"about":[{"href":"https:\/\/agora.xtec.cat\/escmusicavic\/wp-json\/wp\/v2\/types\/post"}],"author":[{"embeddable":true,"href":"https:\/\/agora.xtec.cat\/escmusicavic\/wp-json\/wp\/v2\/users\/11"}],"replies":[{"embeddable":true,"href":"https:\/\/agora.xtec.cat\/escmusicavic\/wp-json\/wp\/v2\/comments?post=7339"}],"version-history":[{"count":2,"href":"https:\/\/agora.xtec.cat\/escmusicavic\/wp-json\/wp\/v2\/posts\/7339\/revisions"}],"predecessor-version":[{"id":7342,"href":"https:\/\/agora.xtec.cat\/escmusicavic\/wp-json\/wp\/v2\/posts\/7339\/revisions\/7342"}],"wp:attachment":[{"href":"https:\/\/agora.xtec.cat\/escmusicavic\/wp-json\/wp\/v2\/media?parent=7339"}],"wp:term":[{"taxonomy":"category","embeddable":true,"href":"https:\/\/agora.xtec.cat\/escmusicavic\/wp-json\/wp\/v2\/categories?post=7339"},{"taxonomy":"post_tag","embeddable":true,"href":"https:\/\/agora.xtec.cat\/escmusicavic\/wp-json\/wp\/v2\/tags?post=7339"}],"curies":[{"name":"wp","href":"https:\/\/api.w.org\/{rel}","templated":true}]}}