{"id":7327,"date":"2025-07-03T17:57:39","date_gmt":"2025-07-03T15:57:39","guid":{"rendered":"https:\/\/agora.xtec.cat\/escmusicavic\/?p=7327"},"modified":"2025-07-03T17:58:58","modified_gmt":"2025-07-03T15:58:58","slug":"llistat-de-preinscrits-a-coneix-la-musica-i-i3-amb-barems-provisionals-2","status":"publish","type":"post","link":"https:\/\/agora.xtec.cat\/escmusicavic\/general\/llistat-de-preinscrits-a-coneix-la-musica-i-i3-amb-barems-provisionals-2\/","title":{"rendered":"LLISTAT DE PREINSCRITS A CONEIX LA M\u00daSICA I i3 AMB BAREMS DEFINITIUS"},"content":{"rendered":"<p class=\"x_elementToProof\" data-olk-copy-source=\"MessageBody\">Accediu al seg\u00fcent <b><a id=\"LPlnk496678\" title=\"https:\/\/agora.xtec.cat\/escmusicavic\/serveis\/preinscripcions-emvic-2025-2026\/preinscripcions-coneix-la-musica-i-i3\/\" href=\"https:\/\/agora.xtec.cat\/escmusicavic\/serveis\/preinscripcions-emvic-2025-2026\/preinscripcions-coneix-la-musica-i-i3\/\" target=\"_blank\" rel=\"noopener noreferrer\" data-auth=\"NotApplicable\" data-linkindex=\"0\">enlla\u00e7<\/a><\/b> per veure els llistats de preinscripcions amb barems definitius de Coneix la M\u00fasica i i3.<\/p>\n<p class=\"x_elementToProof\"><b>SORTEIG<\/b><\/p>\n<p class=\"x_elementToProof\">Una vegada revisades les puntuacions\u00a0definitives de les sol\u00b7licituds de preinscripci\u00f3 de Coneix la M\u00fasica i i3\u00a0hem vist que hi ha diversos casos d&#8217;inscripcions\u00a0amb empat de punts.<\/p>\n<p class=\"x_elementToProof\">Per tal d&#8217;establir l&#8217;ordre definitiu\u00a0de puntuacions cal que fem un sorteig\u00a0entre els alumnes que hagin obtingut la mateixa puntuaci\u00f3 i vagin a la mateixa escola (les escoles nom\u00e9s es tenen en compte en el cas de i3).\u00a0<b>Tingueu en compte que aquest sorteig\u00a0no\u00a0implica una adjudicaci\u00f3 de places, nom\u00e9s permetr\u00e0 determinar l&#8217;ordre definitiu\u00a0de les preinscripcions.\u00a0<\/b><\/p>\n<p class=\"x_elementToProof\"><b>Important:<\/b>\u00a0Per veure si la vostra sol\u00b7licitud entra dins el sorteig, reviseu la columna &#8220;N\u00famero Sorteig&#8221;, si teniu assignat un n\u00famero a la vostra sol\u00b7licitud significa que entreu en el sorteig\u00a0per establir l&#8217;ordre definitiu.<\/p>\n<p class=\"x_elementToProof\">El sorteig\u00a0tindr\u00e0 lloc\u00a0<b>dem\u00e0 dia 4 de juliol a les 13 h a l&#8217;EMVIC<\/b>.<\/p>\n<p class=\"x_elementToProof\">La\u00a0<b>resoluci\u00f3 de les preinscripcions\u00a0ser\u00e0 el proper dimarts 8 de juliol.<\/b>\u00a0El mateix dimarts penjarem el resultat a la web i enviarem un correu als alumnes que hagin obtingut pla\u00e7a amb la informaci\u00f3 per formalitzar la matr\u00edcula.<\/p>\n<div id=\"x_x_Signature\" class=\"x_elementToProof\">\n<div class=\"x_elementToProof\"><\/div>\n<\/div>\n","protected":false},"excerpt":{"rendered":"<p>Accediu al seg\u00fcent <a id=\"LPlnk496678\" title=\"https:\/\/agora.xtec.cat\/escmusicavic\/serveis\/preinscripcions-emvic-2025-2026\/preinscripcions-coneix-la-musica-i-i3\/\" href=\"https:\/\/agora.xtec.cat\/escmusicavic\/serveis\/preinscripcions-emvic-2025-2026\/preinscripcions-coneix-la-musica-i-i3\/\" target=\"_blank\" rel=\"noopener noreferrer\" data-auth=\"NotApplicable\" data-linkindex=\"0\">enlla\u00e7<\/a> per veure els llistats de preinscripcions amb barems definitius de Coneix la M\u00fasica i i3.<br \/>\nSORTEIG<br \/>\nUna vegada revisades les puntuacions\u00a0definitives de les sol\u00b7licituds de preinscripci\u00f3 de Coneix la M\u00fasica i i3\u00a0hem vist que hi&hellip;  <a href=\"https:\/\/agora.xtec.cat\/escmusicavic\/general\/llistat-de-preinscrits-a-coneix-la-musica-i-i3-amb-barems-provisionals-2\/\" title=\"Read LLISTAT DE PREINSCRITS A CONEIX LA M\u00daSICA I i3 AMB BAREMS DEFINITIUS\">Llegeix m\u00e9s\u00bb<\/a><\/p>\n","protected":false},"author":11,"featured_media":0,"comment_status":"closed","ping_status":"open","sticky":false,"template":"","format":"standard","meta":{"_bbp_topic_count":0,"_bbp_reply_count":0,"_bbp_total_topic_count":0,"_bbp_total_reply_count":0,"_bbp_voice_count":0,"_bbp_anonymous_reply_count":0,"_bbp_topic_count_hidden":0,"_bbp_reply_count_hidden":0,"_bbp_forum_subforum_count":0,"footnotes":""},"categories":[1,29],"tags":[],"class_list":["post-7327","post","type-post","status-publish","format-standard","hentry","category-general","category-portada"],"post_mailing_queue_ids":[],"_links":{"self":[{"href":"https:\/\/agora.xtec.cat\/escmusicavic\/wp-json\/wp\/v2\/posts\/7327","targetHints":{"allow":["GET"]}}],"collection":[{"href":"https:\/\/agora.xtec.cat\/escmusicavic\/wp-json\/wp\/v2\/posts"}],"about":[{"href":"https:\/\/agora.xtec.cat\/escmusicavic\/wp-json\/wp\/v2\/types\/post"}],"author":[{"embeddable":true,"href":"https:\/\/agora.xtec.cat\/escmusicavic\/wp-json\/wp\/v2\/users\/11"}],"replies":[{"embeddable":true,"href":"https:\/\/agora.xtec.cat\/escmusicavic\/wp-json\/wp\/v2\/comments?post=7327"}],"version-history":[{"count":2,"href":"https:\/\/agora.xtec.cat\/escmusicavic\/wp-json\/wp\/v2\/posts\/7327\/revisions"}],"predecessor-version":[{"id":7329,"href":"https:\/\/agora.xtec.cat\/escmusicavic\/wp-json\/wp\/v2\/posts\/7327\/revisions\/7329"}],"wp:attachment":[{"href":"https:\/\/agora.xtec.cat\/escmusicavic\/wp-json\/wp\/v2\/media?parent=7327"}],"wp:term":[{"taxonomy":"category","embeddable":true,"href":"https:\/\/agora.xtec.cat\/escmusicavic\/wp-json\/wp\/v2\/categories?post=7327"},{"taxonomy":"post_tag","embeddable":true,"href":"https:\/\/agora.xtec.cat\/escmusicavic\/wp-json\/wp\/v2\/tags?post=7327"}],"curies":[{"name":"wp","href":"https:\/\/api.w.org\/{rel}","templated":true}]}}