{"id":7227,"date":"2025-06-10T14:30:45","date_gmt":"2025-06-10T12:30:45","guid":{"rendered":"https:\/\/agora.xtec.cat\/escmusicavic\/?p=7227"},"modified":"2025-07-03T17:55:32","modified_gmt":"2025-07-03T15:55:32","slug":"obrim-preinscripcions-de-coneix-la-musica-i0-i1-i2-sensabilitzacio-i3-i-aula-dadults","status":"publish","type":"post","link":"https:\/\/agora.xtec.cat\/escmusicavic\/general\/obrim-preinscripcions-de-coneix-la-musica-i0-i1-i2-sensabilitzacio-i3-i-aula-dadults\/","title":{"rendered":"OBRIM PREINSCRIPCIONS DE CONEIX LA M\u00daSICA (i0, i1, i2), SENSABILITZACI\u00d3 i3 I AULA D&#8217;ADULTS"},"content":{"rendered":"<h5>Per\u00edode de preinscripcions de nous alumnes a CoNeix la M\u00fasica, i3 i Aula d&#8217;adults: del 10 al 18 de juny<\/h5>\n<p>Des d&#8217;avui dia 10 de juny ja podeu fer la preinscripci\u00f3 als seg\u00fcents enlla\u00e7os:<\/p>\n<p><a href=\"https:\/\/emvic.gwido.cat\/inscripcio_ciutadana\/public\/dades_personals\/498?r=1&amp;tf=1\">Coneix la M\u00fasica (i0, i1, i2 &#8211; Vic)<\/a>*<\/p>\n<p><a href=\"https:\/\/emvic.gwido.cat\/inscripcio_ciutadana\/public\/dades_personals\/477?r=1\">Sensibilitzaci\u00f3 i3<\/a>*<\/p>\n<p><a href=\"https:\/\/emvic.gwido.cat\/inscripcio_ciutadana\/public\/dades_personals\/499?r=1&amp;tf=1\">Aula d&#8217;adults<\/a><\/p>\n<p>*Recordeu que cal enviar la documentaci\u00f3 acreditativa dels barems per acreditar-los. Accediu al seg\u00fcent <strong><a href=\"https:\/\/agora.xtec.cat\/escmusicavic\/serveis\/criteris-dacces-i-barems\/\">enlla\u00e7<\/a><\/strong> per veure els barems.<\/p>\n","protected":false},"excerpt":{"rendered":"<p>Per\u00edode de preinscripcions de nous alumnes a CoNeix la M\u00fasica, i3 i Aula d&#8217;adults: del 10 al 18 de juny<br \/>\nDes d&#8217;avui dia 10 de juny ja podeu fer la preinscripci\u00f3 als seg\u00fcents enlla\u00e7os:<br \/>\n<a href=\"https:\/\/emvic.gwido.cat\/inscripcio_ciutadana\/public\/dades_personals\/498?r=1&amp;tf=1\">Coneix la M\u00fasica (i0, i1, i2 &#8211; Vic)<\/a>*<br \/>\n<a href=\"https:\/\/emvic.gwido.cat\/inscripcio_ciutadana\/public\/dades_personals\/477?r=1\">Sensibilitzaci\u00f3 i3<\/a>*<br \/>\n<a href=\"https:\/\/emvic.gwido.cat\/inscripcio_ciutadana\/public\/dades_personals\/499?r=1&amp;tf=1\">Aula d&#8217;adults<\/a><br \/>\n*Recordeu&hellip;  <a href=\"https:\/\/agora.xtec.cat\/escmusicavic\/general\/obrim-preinscripcions-de-coneix-la-musica-i0-i1-i2-sensabilitzacio-i3-i-aula-dadults\/\" title=\"Read OBRIM PREINSCRIPCIONS DE CONEIX LA M\u00daSICA (i0, i1, i2), SENSABILITZACI\u00d3 i3 I AULA D&#8217;ADULTS\">Llegeix m\u00e9s\u00bb<\/a><\/p>\n","protected":false},"author":11,"featured_media":0,"comment_status":"closed","ping_status":"open","sticky":false,"template":"","format":"standard","meta":{"_bbp_topic_count":0,"_bbp_reply_count":0,"_bbp_total_topic_count":0,"_bbp_total_reply_count":0,"_bbp_voice_count":0,"_bbp_anonymous_reply_count":0,"_bbp_topic_count_hidden":0,"_bbp_reply_count_hidden":0,"_bbp_forum_subforum_count":0,"footnotes":""},"categories":[1,29],"tags":[],"class_list":["post-7227","post","type-post","status-publish","format-standard","hentry","category-general","category-portada"],"post_mailing_queue_ids":[],"_links":{"self":[{"href":"https:\/\/agora.xtec.cat\/escmusicavic\/wp-json\/wp\/v2\/posts\/7227","targetHints":{"allow":["GET"]}}],"collection":[{"href":"https:\/\/agora.xtec.cat\/escmusicavic\/wp-json\/wp\/v2\/posts"}],"about":[{"href":"https:\/\/agora.xtec.cat\/escmusicavic\/wp-json\/wp\/v2\/types\/post"}],"author":[{"embeddable":true,"href":"https:\/\/agora.xtec.cat\/escmusicavic\/wp-json\/wp\/v2\/users\/11"}],"replies":[{"embeddable":true,"href":"https:\/\/agora.xtec.cat\/escmusicavic\/wp-json\/wp\/v2\/comments?post=7227"}],"version-history":[{"count":3,"href":"https:\/\/agora.xtec.cat\/escmusicavic\/wp-json\/wp\/v2\/posts\/7227\/revisions"}],"predecessor-version":[{"id":7230,"href":"https:\/\/agora.xtec.cat\/escmusicavic\/wp-json\/wp\/v2\/posts\/7227\/revisions\/7230"}],"wp:attachment":[{"href":"https:\/\/agora.xtec.cat\/escmusicavic\/wp-json\/wp\/v2\/media?parent=7227"}],"wp:term":[{"taxonomy":"category","embeddable":true,"href":"https:\/\/agora.xtec.cat\/escmusicavic\/wp-json\/wp\/v2\/categories?post=7227"},{"taxonomy":"post_tag","embeddable":true,"href":"https:\/\/agora.xtec.cat\/escmusicavic\/wp-json\/wp\/v2\/tags?post=7227"}],"curies":[{"name":"wp","href":"https:\/\/api.w.org\/{rel}","templated":true}]}}