{"id":7218,"date":"2025-06-04T00:14:12","date_gmt":"2025-06-03T22:14:12","guid":{"rendered":"https:\/\/agora.xtec.cat\/escmusicavic\/?p=7218"},"modified":"2025-06-04T00:14:12","modified_gmt":"2025-06-03T22:14:12","slug":"resolucio-de-preinscripcions-rebudes-fins-el-18-de-maig-dins-i-fora-de-termini","status":"publish","type":"post","link":"https:\/\/agora.xtec.cat\/escmusicavic\/general\/resolucio-de-preinscripcions-rebudes-fins-el-18-de-maig-dins-i-fora-de-termini\/","title":{"rendered":"RESOLUCI\u00d3 DE PREINSCRIPCIONS REBUDES FINS EL 18 DE MAIG. DINS I FORA DE TERMINI"},"content":{"rendered":"<p>Accediu als seg\u00fcents enlla\u00e7os\u00a0per veure la resoluci\u00f3 de les sol\u00b7licituds de preinscripci\u00f3 dins i fora de termini, realitzades fins el 17 de maig:<\/p>\n<ul>\n<li><a href=\"https:\/\/agora.xtec.cat\/escmusicavic\/wp-content\/uploads\/usu1071\/2025\/06\/PREINSCRIPCIO-2025-2026-RESOLUCIO-I4I5-DINS-TERMINI.pdf\">Resoluci\u00f3 i4 i i5\u00a0(dins de termini)<\/a><\/li>\n<li><a href=\"https:\/\/agora.xtec.cat\/escmusicavic\/wp-content\/uploads\/usu1071\/2025\/06\/PREINSCRIPCIO-2025-2026-RESOLUCIO-1NE-DINS-TERMINI.pdf\">Resoluci\u00f3 Primer de Nivell Elemental\u00a0(dins de termini)<\/a><\/li>\n<li><a href=\"https:\/\/agora.xtec.cat\/escmusicavic\/wp-content\/uploads\/usu1071\/2025\/06\/PREINSCRIPCIO-2025-2026-RESOLUCIO-RESTA-NE-DINS-TERMINI.pdf\">Resoluci\u00f3 resta de cursos de Nivell Elemental (dins de termini)<\/a><\/li>\n<li><a href=\"https:\/\/agora.xtec.cat\/escmusicavic\/wp-content\/uploads\/usu1071\/2025\/06\/PREINSCRIPCIO-2025-2026-RESOLUCIO-NM-DINS-TERMINI.pdf\">Resoluci\u00f3 nivell mitj\u00e0 (dins de termini)<\/a><\/li>\n<li><a href=\"https:\/\/agora.xtec.cat\/escmusicavic\/wp-content\/uploads\/usu1071\/2025\/06\/PREINSCRIPCIO-2025-2026-RESOLUCIO-FORA-DE-TERMINI-FINS18MAIG.pdf\">Resoluci\u00f3 de sol\u00b7licituds\u00a0<strong>fora de termini<\/strong> fins el 18 de maig (tots els programes)<\/a><\/li>\n<\/ul>\n<p>Per saber si heu obtingut pla\u00e7a\u00a0<strong>observeu el color de la\u00a0<u>casella del vostre CODI ID<\/u><\/strong>:<\/p>\n<ul>\n<li>Les sol\u00b7licituds que\u00a0<strong>obtenen pla\u00e7a\u00a0<\/strong>tenen el\u00a0<span style=\"background-color: #99cc00;\">CODI en verd<\/span><\/li>\n<li>Les sol\u00b7licituds que no obtenen pla\u00e7a i queden en\u00a0<strong>llista d\u2019espera\u00a0<\/strong>tenen el\u00a0<span style=\"background-color: #999999;\">CODI en gris*<\/span><\/li>\n<li>Les sol\u00b7licituds que obtenen pla\u00e7a de llenguatge musical i queden pendents de l\u2019instrument i\/o altres assignatures tenen el <span style=\"background-color: #ffcc00;\">CODI en taronja<\/span><\/li>\n<\/ul>\n<p>Us recordem que\u00a0<u>les sol\u00b7licituds\u00a0<strong>d\u2019instrument<\/strong>\u00a0(a partir de 2NE) seran ateses a partir de la primera setmana de juliol.<\/u><\/p>\n<p>*Les sol\u00b7licituds que han quedat en llista d\u2019espera seran revisades m\u00e9s endavant per valorar si podem donar-los pla\u00e7a.<\/p>\n<p><strong>ATENCI\u00d3:<\/strong>\u00a0Durant la primera quinzena de juny les fam\u00edlies que hagueu obtigut pla\u00e7a rebreu un correu amb els horaris i la informaci\u00f3 per a formalitzar la matr\u00edcula.<\/p>\n","protected":false},"excerpt":{"rendered":"<p>Accediu als seg\u00fcents enlla\u00e7os\u00a0per veure la resoluci\u00f3 de les sol\u00b7licituds de preinscripci\u00f3 dins i fora de termini, realitzades fins el 17 de maig:<\/p>\n<ul>\n<li><a href=\"https:\/\/agora.xtec.cat\/escmusicavic\/wp-content\/uploads\/usu1071\/2025\/06\/PREINSCRIPCIO-2025-2026-RESOLUCIO-I4I5-DINS-TERMINI.pdf\">Resoluci\u00f3 i4 i i5\u00a0(dins de termini)<\/a><\/li>\n<li><a href=\"https:\/\/agora.xtec.cat\/escmusicavic\/wp-content\/uploads\/usu1071\/2025\/06\/PREINSCRIPCIO-2025-2026-RESOLUCIO-1NE-DINS-TERMINI.pdf\">Resoluci\u00f3 Primer de Nivell Elemental\u00a0(dins de termini)<\/a><\/li>\n<li><a href=\"https:\/\/agora.xtec.cat\/escmusicavic\/wp-content\/uploads\/usu1071\/2025\/06\/PREINSCRIPCIO-2025-2026-RESOLUCIO-RESTA-NE-DINS-TERMINI.pdf\">Resoluci\u00f3 resta de cursos de Nivell Elemental (dins de&hellip;  <a href=\"https:\/\/agora.xtec.cat\/escmusicavic\/general\/resolucio-de-preinscripcions-rebudes-fins-el-18-de-maig-dins-i-fora-de-termini\/\" title=\"Read RESOLUCI\u00d3 DE PREINSCRIPCIONS REBUDES FINS EL 18 DE MAIG. DINS I FORA DE TERMINI\">Llegeix m\u00e9s\u00bb<\/a><br \/>\n","protected":false},"author":11,"featured_media":0,"comment_status":"closed","ping_status":"open","sticky":false,"template":"","format":"standard","meta":{"_bbp_topic_count":0,"_bbp_reply_count":0,"_bbp_total_topic_count":0,"_bbp_total_reply_count":0,"_bbp_voice_count":0,"_bbp_anonymous_reply_count":0,"_bbp_topic_count_hidden":0,"_bbp_reply_count_hidden":0,"_bbp_forum_subforum_count":0,"footnotes":""},"categories":[1,29],"tags":[],"class_list":["post-7218","post","type-post","status-publish","format-standard","hentry","category-general","category-portada"],"post_mailing_queue_ids":[],"_links":{"self":[{"href":"https:\/\/agora.xtec.cat\/escmusicavic\/wp-json\/wp\/v2\/posts\/7218","targetHints":{"allow":["GET"]}}],"collection":[{"href":"https:\/\/agora.xtec.cat\/escmusicavic\/wp-json\/wp\/v2\/posts"}],"about":[{"href":"https:\/\/agora.xtec.cat\/escmusicavic\/wp-json\/wp\/v2\/types\/post"}],"author":[{"embeddable":true,"href":"https:\/\/agora.xtec.cat\/escmusicavic\/wp-json\/wp\/v2\/users\/11"}],"replies":[{"embeddable":true,"href":"https:\/\/agora.xtec.cat\/escmusicavic\/wp-json\/wp\/v2\/comments?post=7218"}],"version-history":[{"count":1,"href":"https:\/\/agora.xtec.cat\/escmusicavic\/wp-json\/wp\/v2\/posts\/7218\/revisions"}],"predecessor-version":[{"id":7219,"href":"https:\/\/agora.xtec.cat\/escmusicavic\/wp-json\/wp\/v2\/posts\/7218\/revisions\/7219"}],"wp:attachment":[{"href":"https:\/\/agora.xtec.cat\/escmusicavic\/wp-json\/wp\/v2\/media?parent=7218"}],"wp:term":[{"taxonomy":"category","embeddable":true,"href":"https:\/\/agora.xtec.cat\/escmusicavic\/wp-json\/wp\/v2\/categories?post=7218"},{"taxonomy":"post_tag","embeddable":true,"href":"https:\/\/agora.xtec.cat\/escmusicavic\/wp-json\/wp\/v2\/tags?post=7218"}],"curies":[{"name":"wp","href":"https:\/\/api.w.org\/{rel}","templated":true}]}}