{"id":7093,"date":"2025-03-17T15:43:12","date_gmt":"2025-03-17T14:43:12","guid":{"rendered":"https:\/\/agora.xtec.cat\/escmusicavic\/?p=7093"},"modified":"2025-03-17T15:43:12","modified_gmt":"2025-03-17T14:43:12","slug":"publicacio-de-places-ofertades-al-conservatori-curs-2025-2026","status":"publish","type":"post","link":"https:\/\/agora.xtec.cat\/escmusicavic\/general\/publicacio-de-places-ofertades-al-conservatori-curs-2025-2026\/","title":{"rendered":"PUBLICACI\u00d3 DE PLACES OFERTADES AL CONSERVATORI. CURS 2025-2026"},"content":{"rendered":"<p>Consulteu la publicaci\u00f3 de places per la convocat\u00f2ria de les proves d\u2019acc\u00e9s del maig de 2025 al Conservatori de Vic al seg\u00fcent <a href=\"https:\/\/agora.xtec.cat\/escmusicavic\/prova-acces-gp\/convocatoria-maig-2025\/\"><strong>enlla\u00e7<\/strong><\/a>, a on tamb\u00e9 trobareu la resta d\u2019informaci\u00f3 i calendari per a les proves.<\/p>\n","protected":false},"excerpt":{"rendered":"<p>Consulteu la publicaci\u00f3 de places per la convocat\u00f2ria de les proves d\u2019acc\u00e9s del maig de 2025 al Conservatori de Vic al seg\u00fcent <a href=\"https:\/\/agora.xtec.cat\/escmusicavic\/prova-acces-gp\/convocatoria-maig-2025\/\">enlla\u00e7<\/a>, a on tamb\u00e9 trobareu la resta d\u2019informaci\u00f3 i calendari per a les proves.<\/p>\n","protected":false},"author":11,"featured_media":0,"comment_status":"closed","ping_status":"closed","sticky":false,"template":"","format":"standard","meta":{"_bbp_topic_count":0,"_bbp_reply_count":0,"_bbp_total_topic_count":0,"_bbp_total_reply_count":0,"_bbp_voice_count":0,"_bbp_anonymous_reply_count":0,"_bbp_topic_count_hidden":0,"_bbp_reply_count_hidden":0,"_bbp_forum_subforum_count":0,"footnotes":""},"categories":[1,29],"tags":[],"class_list":["post-7093","post","type-post","status-publish","format-standard","hentry","category-general","category-portada"],"post_mailing_queue_ids":[],"_links":{"self":[{"href":"https:\/\/agora.xtec.cat\/escmusicavic\/wp-json\/wp\/v2\/posts\/7093","targetHints":{"allow":["GET"]}}],"collection":[{"href":"https:\/\/agora.xtec.cat\/escmusicavic\/wp-json\/wp\/v2\/posts"}],"about":[{"href":"https:\/\/agora.xtec.cat\/escmusicavic\/wp-json\/wp\/v2\/types\/post"}],"author":[{"embeddable":true,"href":"https:\/\/agora.xtec.cat\/escmusicavic\/wp-json\/wp\/v2\/users\/11"}],"replies":[{"embeddable":true,"href":"https:\/\/agora.xtec.cat\/escmusicavic\/wp-json\/wp\/v2\/comments?post=7093"}],"version-history":[{"count":1,"href":"https:\/\/agora.xtec.cat\/escmusicavic\/wp-json\/wp\/v2\/posts\/7093\/revisions"}],"predecessor-version":[{"id":7094,"href":"https:\/\/agora.xtec.cat\/escmusicavic\/wp-json\/wp\/v2\/posts\/7093\/revisions\/7094"}],"wp:attachment":[{"href":"https:\/\/agora.xtec.cat\/escmusicavic\/wp-json\/wp\/v2\/media?parent=7093"}],"wp:term":[{"taxonomy":"category","embeddable":true,"href":"https:\/\/agora.xtec.cat\/escmusicavic\/wp-json\/wp\/v2\/categories?post=7093"},{"taxonomy":"post_tag","embeddable":true,"href":"https:\/\/agora.xtec.cat\/escmusicavic\/wp-json\/wp\/v2\/tags?post=7093"}],"curies":[{"name":"wp","href":"https:\/\/api.w.org\/{rel}","templated":true}]}}