{"id":6784,"date":"2024-07-12T12:56:42","date_gmt":"2024-07-12T10:56:42","guid":{"rendered":"https:\/\/agora.xtec.cat\/escmusicavic\/?p=6784"},"modified":"2024-07-12T12:56:42","modified_gmt":"2024-07-12T10:56:42","slug":"resultat-2a-fase-proces-de-seleccio-i-resolucio-curs-2024-2025","status":"publish","type":"post","link":"https:\/\/agora.xtec.cat\/escmusicavic\/general\/resultat-2a-fase-proces-de-seleccio-i-resolucio-curs-2024-2025\/","title":{"rendered":"RESULTAT 2A FASE PROC\u00c9S DE SELECCI\u00d3 I RESOLUCI\u00d3. CURS 2024-2025"},"content":{"rendered":"<p><span data-contrast=\"none\">Al seg\u00fcent enlla\u00e7 hi trobareu el resultat de la segona fase del proc\u00e9s de selecci\u00f3 i la resoluci\u00f3 de la pla\u00e7a de professor\/a llenguatge musical, cant coral i sensibilitzaci\u00f3 i la pla\u00e7a de viola. <\/span><\/p>\n<p><a href=\"https:\/\/agora.xtec.cat\/escmusicavic\/transparencia\/treballar-a-lemvic\/\">Resultat proc\u00e9s de selecci\u00f3 de professorat<\/a><\/p>\n<p>&nbsp;<\/p>\n<p>&nbsp;<\/p>\n","protected":false},"excerpt":{"rendered":"<p>Al seg\u00fcent enlla\u00e7 hi trobareu el resultat de la segona fase del proc\u00e9s de selecci\u00f3 i la resoluci\u00f3 de la pla\u00e7a de professor\/a llenguatge musical, cant coral i sensibilitzaci\u00f3 i la pla\u00e7a de viola.<br \/>\n<a href=\"https:\/\/agora.xtec.cat\/escmusicavic\/transparencia\/treballar-a-lemvic\/\">Resultat proc\u00e9s de selecci\u00f3 de professorat<\/a><br \/>\n&nbsp;<br \/>\n&nbsp;<\/p>\n","protected":false},"author":11,"featured_media":0,"comment_status":"closed","ping_status":"closed","sticky":false,"template":"","format":"standard","meta":{"_bbp_topic_count":0,"_bbp_reply_count":0,"_bbp_total_topic_count":0,"_bbp_total_reply_count":0,"_bbp_voice_count":0,"_bbp_anonymous_reply_count":0,"_bbp_topic_count_hidden":0,"_bbp_reply_count_hidden":0,"_bbp_forum_subforum_count":0,"footnotes":""},"categories":[1,29],"tags":[],"class_list":["post-6784","post","type-post","status-publish","format-standard","hentry","category-general","category-portada"],"post_mailing_queue_ids":[],"_links":{"self":[{"href":"https:\/\/agora.xtec.cat\/escmusicavic\/wp-json\/wp\/v2\/posts\/6784","targetHints":{"allow":["GET"]}}],"collection":[{"href":"https:\/\/agora.xtec.cat\/escmusicavic\/wp-json\/wp\/v2\/posts"}],"about":[{"href":"https:\/\/agora.xtec.cat\/escmusicavic\/wp-json\/wp\/v2\/types\/post"}],"author":[{"embeddable":true,"href":"https:\/\/agora.xtec.cat\/escmusicavic\/wp-json\/wp\/v2\/users\/11"}],"replies":[{"embeddable":true,"href":"https:\/\/agora.xtec.cat\/escmusicavic\/wp-json\/wp\/v2\/comments?post=6784"}],"version-history":[{"count":3,"href":"https:\/\/agora.xtec.cat\/escmusicavic\/wp-json\/wp\/v2\/posts\/6784\/revisions"}],"predecessor-version":[{"id":6791,"href":"https:\/\/agora.xtec.cat\/escmusicavic\/wp-json\/wp\/v2\/posts\/6784\/revisions\/6791"}],"wp:attachment":[{"href":"https:\/\/agora.xtec.cat\/escmusicavic\/wp-json\/wp\/v2\/media?parent=6784"}],"wp:term":[{"taxonomy":"category","embeddable":true,"href":"https:\/\/agora.xtec.cat\/escmusicavic\/wp-json\/wp\/v2\/categories?post=6784"},{"taxonomy":"post_tag","embeddable":true,"href":"https:\/\/agora.xtec.cat\/escmusicavic\/wp-json\/wp\/v2\/tags?post=6784"}],"curies":[{"name":"wp","href":"https:\/\/api.w.org\/{rel}","templated":true}]}}