{"id":6117,"date":"2023-06-28T16:20:00","date_gmt":"2023-06-28T14:20:00","guid":{"rendered":"https:\/\/agora.xtec.cat\/escmusicavic\/?p=6117"},"modified":"2023-06-28T16:20:00","modified_gmt":"2023-06-28T14:20:00","slug":"llistats-preinscrits-coneix-la-musica-i-i3-amb-barems-provisionals","status":"publish","type":"post","link":"https:\/\/agora.xtec.cat\/escmusicavic\/general\/llistats-preinscrits-coneix-la-musica-i-i3-amb-barems-provisionals\/","title":{"rendered":"LLISTATS PREINSCRITS CONEIX LA M\u00daSICA I i3 AMB BAREMS PROVISIONALS"},"content":{"rendered":"<p>Accediu als seg\u00fcents enlla\u00e7os per veure els llistats de preinscrits a Coneix la M\u00fasica i i3 (preinscripcions realitzades dins de termini).<\/p>\n<p><strong><a href=\"https:\/\/agora.xtec.cat\/escmusicavic\/wp-content\/uploads\/usu1071\/2023\/06\/PREINSCRIPCIO-CONEIX-LA-MUSICA-2023-2024-20230621.xlsx.pdf\">Llistat provisional Coneix la M\u00fasica<\/a><\/strong><\/p>\n<p><strong><a href=\"https:\/\/agora.xtec.cat\/escmusicavic\/wp-content\/uploads\/usu1071\/2023\/06\/PREINSCRIPCIO-i3-2023-2024-DINS-TERMINI-20230621.xlsx.pdf\">Llistat provisional i3*<\/a><\/strong><\/p>\n<p><span class=\"ContentPasted1\">En el cas que sigui necessari, per tal d\u2019<b class=\"ContentPasted1\">esmenar la puntuaci\u00f3<\/b>\u00a0cal que ompliu el seg\u00fcent\u00a0<\/span><b><a id=\"LPlnk958416\" title=\"https:\/\/forms.office.com\/Pages\/ResponsePage.aspx?id=pzjJll4sq0uqIBsLhd-bQZYd1nL5fFNAhtF1fCC8u3pUN1JZVzVIMUxGQ0dRQlpKNEQ3U0I2VFBEUS4u\" href=\"https:\/\/forms.office.com\/Pages\/ResponsePage.aspx?id=pzjJll4sq0uqIBsLhd-bQZYd1nL5fFNAhtF1fCC8u3pUN1JZVzVIMUxGQ0dRQlpKNEQ3U0I2VFBEUS4u\" data-loopstyle=\"linkonly\">formulari\u00a0<\/a><\/b><span class=\"ContentPasted1\">i envieu la\u00a0<b>documentaci\u00f3 acreditativa<\/b>\u00a0a\u00a0<a href=\"mailto:preinscripcions@emvic.cat\"><b>preinscripcions@emvic.cat<\/b><\/a>\u00a0fins el\u00a0<b class=\"ContentPasted1\">dissabte 1 de juliol<\/b>.<\/span><span class=\"ContentPasted1\">\u00a0<\/span><\/p>\n<p>*Les sol\u00b7licituds de i3 no estan ordenades segons els punts ni les escoles perqu\u00e8 ens falten les escoles d\u2019infantil de i3 de diversos infants. Si teniu la casella \u201cESCOLA\u201d marcada en groc, contacteu amb nosaltres per informar-nos de l\u2019escola que anir\u00e0 el vostre infant el curs vinent. Al llistat de barems definitius ja sortir\u00e0 amb l\u2019ordre correcte segons l\u2019escola i la puntuaci\u00f3.<\/p>\n","protected":false},"excerpt":{"rendered":"<p>Accediu als seg\u00fcents enlla\u00e7os per veure els llistats de preinscrits a Coneix la M\u00fasica i i3 (preinscripcions realitzades dins de termini).<br \/>\n<a href=\"https:\/\/agora.xtec.cat\/escmusicavic\/wp-content\/uploads\/usu1071\/2023\/06\/PREINSCRIPCIO-CONEIX-LA-MUSICA-2023-2024-20230621.xlsx.pdf\">Llistat provisional Coneix la M\u00fasica<\/a><br \/>\n<a href=\"https:\/\/agora.xtec.cat\/escmusicavic\/wp-content\/uploads\/usu1071\/2023\/06\/PREINSCRIPCIO-i3-2023-2024-DINS-TERMINI-20230621.xlsx.pdf\">Llistat provisional i3*<\/a><br \/>\nEn el cas que sigui necessari, per tal d\u2019esmenar la puntuaci\u00f3\u00a0cal que ompliu el seg\u00fcent\u00a0<a id=\"LPlnk958416\" title=\"https:\/\/forms.office.com\/Pages\/ResponsePage.aspx?id=pzjJll4sq0uqIBsLhd-bQZYd1nL5fFNAhtF1fCC8u3pUN1JZVzVIMUxGQ0dRQlpKNEQ3U0I2VFBEUS4u\"&hellip;  <a href=\"https:\/\/agora.xtec.cat\/escmusicavic\/general\/llistats-preinscrits-coneix-la-musica-i-i3-amb-barems-provisionals\/\" title=\"Read LLISTATS PREINSCRITS CONEIX LA M\u00daSICA I i3 AMB BAREMS PROVISIONALS\">Llegeix m\u00e9s\u00bb<\/a><\/p>\n","protected":false},"author":11,"featured_media":0,"comment_status":"closed","ping_status":"closed","sticky":false,"template":"","format":"standard","meta":{"_bbp_topic_count":0,"_bbp_reply_count":0,"_bbp_total_topic_count":0,"_bbp_total_reply_count":0,"_bbp_voice_count":0,"_bbp_anonymous_reply_count":0,"_bbp_topic_count_hidden":0,"_bbp_reply_count_hidden":0,"_bbp_forum_subforum_count":0,"footnotes":""},"categories":[1,29],"tags":[],"class_list":["post-6117","post","type-post","status-publish","format-standard","hentry","category-general","category-portada"],"post_mailing_queue_ids":[],"_links":{"self":[{"href":"https:\/\/agora.xtec.cat\/escmusicavic\/wp-json\/wp\/v2\/posts\/6117","targetHints":{"allow":["GET"]}}],"collection":[{"href":"https:\/\/agora.xtec.cat\/escmusicavic\/wp-json\/wp\/v2\/posts"}],"about":[{"href":"https:\/\/agora.xtec.cat\/escmusicavic\/wp-json\/wp\/v2\/types\/post"}],"author":[{"embeddable":true,"href":"https:\/\/agora.xtec.cat\/escmusicavic\/wp-json\/wp\/v2\/users\/11"}],"replies":[{"embeddable":true,"href":"https:\/\/agora.xtec.cat\/escmusicavic\/wp-json\/wp\/v2\/comments?post=6117"}],"version-history":[{"count":1,"href":"https:\/\/agora.xtec.cat\/escmusicavic\/wp-json\/wp\/v2\/posts\/6117\/revisions"}],"predecessor-version":[{"id":6118,"href":"https:\/\/agora.xtec.cat\/escmusicavic\/wp-json\/wp\/v2\/posts\/6117\/revisions\/6118"}],"wp:attachment":[{"href":"https:\/\/agora.xtec.cat\/escmusicavic\/wp-json\/wp\/v2\/media?parent=6117"}],"wp:term":[{"taxonomy":"category","embeddable":true,"href":"https:\/\/agora.xtec.cat\/escmusicavic\/wp-json\/wp\/v2\/categories?post=6117"},{"taxonomy":"post_tag","embeddable":true,"href":"https:\/\/agora.xtec.cat\/escmusicavic\/wp-json\/wp\/v2\/tags?post=6117"}],"curies":[{"name":"wp","href":"https:\/\/api.w.org\/{rel}","templated":true}]}}