{"id":6009,"date":"2023-06-01T13:49:44","date_gmt":"2023-06-01T11:49:44","guid":{"rendered":"https:\/\/agora.xtec.cat\/escmusicavic\/?p=6009"},"modified":"2023-06-01T14:17:58","modified_gmt":"2023-06-01T12:17:58","slug":"resolucio-preinscripcions-nous-alumnes-i4-i5-ne-i-nm-curs-2023-24-dins-i-fora-de-termini","status":"publish","type":"post","link":"https:\/\/agora.xtec.cat\/escmusicavic\/general\/resolucio-preinscripcions-nous-alumnes-i4-i5-ne-i-nm-curs-2023-24-dins-i-fora-de-termini\/","title":{"rendered":"RESOLUCI\u00d3 PREINSCRIPCIONS NOUS ALUMNES I4, I5, NE I NM CURS 2023-24"},"content":{"rendered":"<p style=\"font-weight: 400;\">Accediu al seg\u00fcent\u00a0<a href=\"https:\/\/agora.xtec.cat\/escmusicavic\/serveis\/preinscripcio-nous-alumnes-2023-2024\/preinscripcio-a-i4-i5-nivell-elemental-i-nivell-mitja\/\"><strong>enlla\u00e7<\/strong>\u00a0<\/a>per veure la resoluci\u00f3 de les\u00a0<strong><u>sol\u00b7licituds realitzades DINS I FORA de termini fins el 17 de maig<\/u><\/strong>\u00a0a l\u2019EMVIC (Vic).<\/p>\n<p style=\"font-weight: 400;\">Per saber si heu obtingut pla\u00e7a\u00a0<strong>observeu el color de la\u00a0<u>casella del vostre CODI ID<\/u><\/strong>:<\/p>\n<ul>\n<li>Les sol\u00b7licituds que\u00a0<strong>obtenen pla\u00e7a<\/strong>tenen el\u00a0<span style=\"background-color: #8fde5b;\">CODI en verd<\/span><\/li>\n<li>Les sol\u00b7licituds que no obtenen pla\u00e7a i queden en\u00a0<strong>llista d\u2019espera\u00a0<\/strong>tenen el\u00a0<span style=\"background-color: #ffcc00;\">CODI en groc<\/span><\/li>\n<li>Les sol\u00b7licituds que\u00a0obtenen pla\u00e7a de llenguatge musical i queden pendents de l\u2019instrument\u00a0tenen el\u00a0<span style=\"background-color: #ff6600;\">CODI en taronja<\/span> intens<\/li>\n<\/ul>\n<p style=\"font-weight: 400;\">Us recordem que\u00a0<u>les sol\u00b7licituds d\u2019<strong>instrument<\/strong> (a partir de 2NE) seran ateses a partir de la primera setmana de juliol.<\/u><\/p>\n<p><strong>ATENCI\u00d3:<\/strong>\u00a0Durant la primera quinzena de juny les fam\u00edlies de i4, i5 i Primer de nivell elemental que hagueu obtigut pla\u00e7a rebreu un correu amb els horaris i la informaci\u00f3 per a formalitzar la matr\u00edcula.<\/p>\n","protected":false},"excerpt":{"rendered":"<p>Accediu al seg\u00fcent\u00a0<a href=\"https:\/\/agora.xtec.cat\/escmusicavic\/serveis\/preinscripcio-nous-alumnes-2023-2024\/preinscripcio-a-i4-i5-nivell-elemental-i-nivell-mitja\/\">enlla\u00e7\u00a0<\/a>per veure la resoluci\u00f3 de les\u00a0sol\u00b7licituds realitzades DINS I FORA de termini fins el 17 de maig\u00a0a l\u2019EMVIC (Vic).<br \/>\nPer saber si heu obtingut pla\u00e7a\u00a0observeu el color de la\u00a0casella del vostre CODI ID:<\/p>\n<ul>\n<li>Les sol\u00b7licituds que\u00a0obtenen pla\u00e7atenen el\u00a0CODI en verd<\/li>\n<li>Les sol\u00b7licituds que no obtenen&hellip;  <a href=\"https:\/\/agora.xtec.cat\/escmusicavic\/general\/resolucio-preinscripcions-nous-alumnes-i4-i5-ne-i-nm-curs-2023-24-dins-i-fora-de-termini\/\" title=\"Read RESOLUCI\u00d3 PREINSCRIPCIONS NOUS ALUMNES I4, I5, NE I NM CURS 2023-24\">Llegeix m\u00e9s\u00bb<\/a><br \/>\n","protected":false},"author":11,"featured_media":0,"comment_status":"closed","ping_status":"closed","sticky":false,"template":"","format":"standard","meta":{"_bbp_topic_count":0,"_bbp_reply_count":0,"_bbp_total_topic_count":0,"_bbp_total_reply_count":0,"_bbp_voice_count":0,"_bbp_anonymous_reply_count":0,"_bbp_topic_count_hidden":0,"_bbp_reply_count_hidden":0,"_bbp_forum_subforum_count":0,"footnotes":""},"categories":[1,29],"tags":[],"class_list":["post-6009","post","type-post","status-publish","format-standard","hentry","category-general","category-portada"],"post_mailing_queue_ids":[],"_links":{"self":[{"href":"https:\/\/agora.xtec.cat\/escmusicavic\/wp-json\/wp\/v2\/posts\/6009","targetHints":{"allow":["GET"]}}],"collection":[{"href":"https:\/\/agora.xtec.cat\/escmusicavic\/wp-json\/wp\/v2\/posts"}],"about":[{"href":"https:\/\/agora.xtec.cat\/escmusicavic\/wp-json\/wp\/v2\/types\/post"}],"author":[{"embeddable":true,"href":"https:\/\/agora.xtec.cat\/escmusicavic\/wp-json\/wp\/v2\/users\/11"}],"replies":[{"embeddable":true,"href":"https:\/\/agora.xtec.cat\/escmusicavic\/wp-json\/wp\/v2\/comments?post=6009"}],"version-history":[{"count":3,"href":"https:\/\/agora.xtec.cat\/escmusicavic\/wp-json\/wp\/v2\/posts\/6009\/revisions"}],"predecessor-version":[{"id":6026,"href":"https:\/\/agora.xtec.cat\/escmusicavic\/wp-json\/wp\/v2\/posts\/6009\/revisions\/6026"}],"wp:attachment":[{"href":"https:\/\/agora.xtec.cat\/escmusicavic\/wp-json\/wp\/v2\/media?parent=6009"}],"wp:term":[{"taxonomy":"category","embeddable":true,"href":"https:\/\/agora.xtec.cat\/escmusicavic\/wp-json\/wp\/v2\/categories?post=6009"},{"taxonomy":"post_tag","embeddable":true,"href":"https:\/\/agora.xtec.cat\/escmusicavic\/wp-json\/wp\/v2\/tags?post=6009"}],"curies":[{"name":"wp","href":"https:\/\/api.w.org\/{rel}","templated":true}]}}