{"id":5783,"date":"2023-03-10T17:18:34","date_gmt":"2023-03-10T16:18:34","guid":{"rendered":"https:\/\/agora.xtec.cat\/escmusicavic\/?p=5783"},"modified":"2023-03-10T17:18:34","modified_gmt":"2023-03-10T16:18:34","slug":"agenda-setmanal-17-del-9-al-15-de-marc-de-2023","status":"publish","type":"post","link":"https:\/\/agora.xtec.cat\/escmusicavic\/general\/agenda-setmanal-17-del-9-al-15-de-marc-de-2023\/","title":{"rendered":"AGENDA SETMANAL 17. Del 9 al 15 de mar\u00e7 de 2023"},"content":{"rendered":"<h6>______________________<br \/>\nDijous 9 de mar\u00e7 \u2013 20 h \u2013 Sala 2 Joaquim Maideu<br \/>\nERNEST MARTINEZ, GUITARRA<\/h6>\n<p>L\u2019exalumne de l\u2019EMVIC, actualment professor a l\u2019Acad\u00e8mia Marshall-Granados, ens far\u00e0 un recorregut per la hist\u00f2ria de la guitarra.<br \/>\nPreu alumnes EMVIC: 5 \u20ac<br \/>\n<a href=\"https:\/\/latlantidavic.cat\/ca\/ernest-martinez-guitarra_165180\">Adquireix les teves entrades aqu\u00ed<\/a><br \/>\n______________________<\/p>\n<h6>Divendres 10 de mar\u00e7 \u2013 20 h \u2013 Sala 3 Joan Anglada<br \/>\nAUDICI\u00d3 DE PIANO<\/h6>\n<p>Aula del professor Miquel Oliu<br \/>\n______________________<br \/>\nDissabte 11 de mar\u00e7 \u2013 De 10 h a 13 h \u2013 EMVIC<br \/>\nJORNADA DE PORTES OBERTES<\/p>\n<p>Voleu con\u00e8ixer l\u2019escola i veure una representaci\u00f3 de l\u2019activitat que s\u2019hi fa? Tallers, presentacions, classes obertes i molt m\u00e9s.<\/p>\n<h6><a href=\"https:\/\/agora.xtec.cat\/escmusicavic\/general\/11-de-marc-jornada-de-portes-obertes-i-preinscripcions-curs-2023-2024\/\">M\u00e9s info clic aqu\u00ed<\/a><br \/>\n______________________<br \/>\nDes de l\u201911 al 31 de mar\u00e7 &#8211; web EMVIC<br \/>\nPREINSCRIPCIONS CURS 2023-2024<\/h6>\n<p><strong>Alumnes actuals:<\/strong><\/p>\n<ul>\n<li data-leveltext=\"\uf0b7\" data-font=\"Symbol\" data-listid=\"17\" data-list-defn-props=\"{&quot;335552541&quot;:1,&quot;335559684&quot;:-2,&quot;335559685&quot;:720,&quot;335559991&quot;:360,&quot;469769226&quot;:&quot;Symbol&quot;,&quot;469769242&quot;:[8226],&quot;469777803&quot;:&quot;left&quot;,&quot;469777804&quot;:&quot;\uf0b7&quot;,&quot;469777815&quot;:&quot;hybridMultilevel&quot;}\" aria-setsize=\"-1\" data-aria-posinset=\"1\" data-aria-level=\"1\">\u00danicament alumnat de programes troncals (a partir de I3): hauran de confirmar si els curs 2023-2024 continuaran o no a l\u2019EMVIC a trav\u00e9s de <a href=\"https:\/\/emvic.gwido.cat\/inici\">Gwido<\/a>.<\/li>\n<\/ul>\n<p>Vegeu el calendari de preinscripcions de nous alumnes al seg\u00fcent <a href=\"https:\/\/agora.xtec.cat\/escmusicavic\/serveis\/preinscripcio-alumnes-actuals-2023-2024\/\">enlla\u00e7<\/a>.<\/p>\n<p><strong>Alumnes nous*:<\/strong><\/p>\n<ul>\n<li data-leveltext=\"\uf0b7\" data-font=\"Symbol\" data-listid=\"17\" data-list-defn-props=\"{&quot;335552541&quot;:1,&quot;335559684&quot;:-2,&quot;335559685&quot;:720,&quot;335559991&quot;:360,&quot;469769226&quot;:&quot;Symbol&quot;,&quot;469769242&quot;:[8226],&quot;469777803&quot;:&quot;left&quot;,&quot;469777804&quot;:&quot;\uf0b7&quot;,&quot;469777815&quot;:&quot;hybridMultilevel&quot;}\" aria-setsize=\"-1\" data-aria-posinset=\"2\" data-aria-level=\"1\">Alumnat de i4, i5, nivell elemental i nivell mitja: a trav\u00e9s de la <a href=\"https:\/\/agora.xtec.cat\/escmusicavic\/\">web<\/a>\u202fde l\u201911 al 31 de mar\u00e7.<\/li>\n<li data-leveltext=\"\uf0b7\" data-font=\"Symbol\" data-listid=\"17\" data-list-defn-props=\"{&quot;335552541&quot;:1,&quot;335559684&quot;:-2,&quot;335559685&quot;:720,&quot;335559991&quot;:360,&quot;469769226&quot;:&quot;Symbol&quot;,&quot;469769242&quot;:[8226],&quot;469777803&quot;:&quot;left&quot;,&quot;469777804&quot;:&quot;\uf0b7&quot;,&quot;469777815&quot;:&quot;hybridMultilevel&quot;}\" aria-setsize=\"-1\" data-aria-posinset=\"2\" data-aria-level=\"1\">Alumnat de Coneix la m\u00fasica i i3: a trav\u00e9s de la <a href=\"https:\/\/agora.xtec.cat\/escmusicavic\/\">web<\/a>\u202fdel 12 al 20 de juny.<\/li>\n<li data-leveltext=\"\uf0b7\" data-font=\"Symbol\" data-listid=\"17\" data-list-defn-props=\"{&quot;335552541&quot;:1,&quot;335559684&quot;:-2,&quot;335559685&quot;:720,&quot;335559991&quot;:360,&quot;469769226&quot;:&quot;Symbol&quot;,&quot;469769242&quot;:[8226],&quot;469777803&quot;:&quot;left&quot;,&quot;469777804&quot;:&quot;\uf0b7&quot;,&quot;469777815&quot;:&quot;hybridMultilevel&quot;}\" aria-setsize=\"-1\" data-aria-posinset=\"2\" data-aria-level=\"1\">Aula d\u2019adults: dates pendents.<\/li>\n<\/ul>\n<p>Vegeu el calendari de preinscripcions de nous alumnes al seg\u00fcent <a href=\"https:\/\/agora.xtec.cat\/escmusicavic\/serveis\/preinscripcio-nous-alumnes-2023-2024\/\">enlla\u00e7<\/a>.<\/p>\n<p>*La xarxa EMVIC i l\u2019EM Tona tenen el seu propi calendari de preinscripcions.<br \/>\n______________<\/p>\n<h6>Dissabte 11 de mar\u00e7 \u2013 10 h<br \/>\nPORTES OBERTES AULA DE SANT HILARI<\/h6>\n<p>Trobareu activitats diverses per con\u00e8ixer l\u2019aula des de dins<br \/>\n______________________<\/p>\n<h6>Dissabte 11 de mar\u00e7 \u2013 12 h<br \/>\nPORTES OBERTES AULA D&#8217;ARB\u00daCIES<\/h6>\n<p>Trobareu activitats diverses per con\u00e8ixer l\u2019aula des de dins<br \/>\n______________________<\/p>\n<h6>Diumenge 12 de mar\u00e7 \u2013 18 h \u2013 Sala 1 Ramon Montany\u00e0<br \/>\nELS COLORS DE DUKE ELLINGTON<\/h6>\n<p>Un concert divertit i glamur\u00f3s amb l\u2019evocadora m\u00fasica d\u2019un dels grans genis del jazz.<br \/>\nPreu menors de 25 anys: 8 \u20ac<br \/>\n<a href=\"https:\/\/latlantidavic.cat\/ca\/els-colors-de-duke-ellington_165271\">Adquireix les teves entrades aqu\u00ed<\/a><br \/>\n______________________<\/p>\n<h6>Dimarts 14 de mar\u00e7 \u2013 20 h \u2013 Sala 3 Joan Anglada<br \/>\nCONCERT ANNA DODAS<\/h6>\n<p>Homenatge a la poetessa i guitarrista, en el seu seixant\u00e8 aniversari<br \/>\n______________________<\/p>\n<h6>Dimecres 15 de mar\u00e7 \u2013 19h i 20 h \u2013 Sala 3 Joan Anglada<br \/>\nANIMALADA PIAN\u00cdSTICA<\/h6>\n<p>Amb la participaci\u00f3 de l\u2019alumnat de nivell elemental del departament de piano de l\u2019EMVIC<br \/>\n______________________<\/p>\n","protected":false},"excerpt":{"rendered":"<p>______________________<br \/>\nDijous 9 de mar\u00e7 \u2013 20 h \u2013 Sala 2 Joaquim Maideu<br \/>\nERNEST MARTINEZ, GUITARRA<br \/>\nL\u2019exalumne de l\u2019EMVIC, actualment professor a l\u2019Acad\u00e8mia Marshall-Granados, ens far\u00e0 un recorregut per la hist\u00f2ria de la guitarra.<br \/>\nPreu alumnes EMVIC: 5 \u20ac<br \/>\n<a href=\"https:\/\/latlantidavic.cat\/ca\/ernest-martinez-guitarra_165180\">Adquireix les teves entrades aqu\u00ed<\/a><br \/>\n______________________<br \/>\nDivendres 10 de mar\u00e7 \u2013 20&hellip;  <a href=\"https:\/\/agora.xtec.cat\/escmusicavic\/general\/agenda-setmanal-17-del-9-al-15-de-marc-de-2023\/\" title=\"Read AGENDA SETMANAL 17. Del 9 al 15 de mar\u00e7 de 2023\">Llegeix m\u00e9s\u00bb<\/a><\/p>\n","protected":false},"author":11,"featured_media":0,"comment_status":"closed","ping_status":"closed","sticky":false,"template":"","format":"standard","meta":{"_bbp_topic_count":0,"_bbp_reply_count":0,"_bbp_total_topic_count":0,"_bbp_total_reply_count":0,"_bbp_voice_count":0,"_bbp_anonymous_reply_count":0,"_bbp_topic_count_hidden":0,"_bbp_reply_count_hidden":0,"_bbp_forum_subforum_count":0,"footnotes":""},"categories":[1,29],"tags":[],"class_list":["post-5783","post","type-post","status-publish","format-standard","hentry","category-general","category-portada"],"post_mailing_queue_ids":[],"_links":{"self":[{"href":"https:\/\/agora.xtec.cat\/escmusicavic\/wp-json\/wp\/v2\/posts\/5783","targetHints":{"allow":["GET"]}}],"collection":[{"href":"https:\/\/agora.xtec.cat\/escmusicavic\/wp-json\/wp\/v2\/posts"}],"about":[{"href":"https:\/\/agora.xtec.cat\/escmusicavic\/wp-json\/wp\/v2\/types\/post"}],"author":[{"embeddable":true,"href":"https:\/\/agora.xtec.cat\/escmusicavic\/wp-json\/wp\/v2\/users\/11"}],"replies":[{"embeddable":true,"href":"https:\/\/agora.xtec.cat\/escmusicavic\/wp-json\/wp\/v2\/comments?post=5783"}],"version-history":[{"count":2,"href":"https:\/\/agora.xtec.cat\/escmusicavic\/wp-json\/wp\/v2\/posts\/5783\/revisions"}],"predecessor-version":[{"id":5785,"href":"https:\/\/agora.xtec.cat\/escmusicavic\/wp-json\/wp\/v2\/posts\/5783\/revisions\/5785"}],"wp:attachment":[{"href":"https:\/\/agora.xtec.cat\/escmusicavic\/wp-json\/wp\/v2\/media?parent=5783"}],"wp:term":[{"taxonomy":"category","embeddable":true,"href":"https:\/\/agora.xtec.cat\/escmusicavic\/wp-json\/wp\/v2\/categories?post=5783"},{"taxonomy":"post_tag","embeddable":true,"href":"https:\/\/agora.xtec.cat\/escmusicavic\/wp-json\/wp\/v2\/tags?post=5783"}],"curies":[{"name":"wp","href":"https:\/\/api.w.org\/{rel}","templated":true}]}}