{"id":5621,"date":"2023-02-02T09:39:31","date_gmt":"2023-02-02T08:39:31","guid":{"rendered":"https:\/\/agora.xtec.cat\/escmusicavic\/?p=5621"},"modified":"2023-02-08T13:15:40","modified_gmt":"2023-02-08T12:15:40","slug":"agenda-setmanal-12-del-2-al-8-de-febrer-de-2023","status":"publish","type":"post","link":"https:\/\/agora.xtec.cat\/escmusicavic\/general\/agenda-setmanal-12-del-2-al-8-de-febrer-de-2023\/","title":{"rendered":"AGENDA SETMANAL 12. Del 2 al 8 de febrer de 2023"},"content":{"rendered":"<p>______________________<\/p>\n<h6>Dijous 2 de febrer \u2013 20 h \u2013 Sala 3 Joan Anglada<br \/>\nAUDICI\u00d3 DE VIOLONCEL<\/h6>\n<p>Aules de la professora Susanne Spendlin i dels professors Albert Bardolet i Daniel Oliu<br \/>\n______________________<\/p>\n<h6>Divendres 3 de febrer \u2013 18 h \u2013 Sala 3 Joan Anglada<br \/>\nAUDICI\u00d3 DE PIANO<\/h6>\n<p>Aula de la professora Ana Carro. Alumnat de les aules de m\u00fasica de Calldetenes i Folgueroles<br \/>\n______________________<\/p>\n<h6>Divendres 3 de febrer \u2013 20 h \u2013 Sala 3 Joan Anglada<br \/>\nAUDICI\u00d3 DE PIANO<\/h6>\n<p>Aules dels professors David G\u00f3mez i Marc Vernis. Alumant de les aules de les Escoles de m\u00fasica de Vic i Tona i de l\u2019aula de m\u00fasica de Calldetenes.<br \/>\n______________________<\/p>\n<h6>Divendres 3 de febrer \u2013 20 h \u2013 Sala 2 Joaquim Maideu<br \/>\nMARC OLIU I PATRICIA ARAUZO, VIOL\u00cd I PIANO<\/h6>\n<p>Sonates de Beethoven. Cicle M\u00fasica de prop<br \/>\nPreu Alumnes EMVIC i Xarxa: 5 \u20ac<br \/>\n<a href=\"https:\/\/latlantidavic.cat\/ca\/marc-oliu-i-patricia-arauzo-violi-i-piano_165026\" target=\"_blank\" rel=\"noopener noreferrer\" data-auth=\"NotApplicable\" data-safelink=\"true\" data-linkindex=\"0\">Adquireix les teves entrades aqu\u00ed<\/a><br \/>\n______________________<\/p>\n<h6>Dissabte 4 de febrer \u2013 9:30 h \u2013 Sala 3 Joan Anglada i Aula 20<br \/>\nCLASSE MAGISTRAL DE M\u00daSICA DE CAMBRA<\/h6>\n<p>A c\u00e0rrec de la professora Patricia Arauzo i del professor Marc Oliu<br \/>\n______________________<\/p>\n<h6>Dissabte 4 de febrer \u2013 9:30 h \u2013 Aula 46<br \/>\nCLASSE MAGISTRAL DE TROMPETA<\/h6>\n<p>A c\u00e0rrec de la professora Mireia Farr\u00e9<br \/>\n______________________<\/p>\n<h6>Dimarts 7 de febrer \u2013 18:30 h \u2013 Biblioteca Pilar\u00edn Bay\u00e9s<br \/>\nCONFER\u00c8NCIA &#8216;MADAMA BUTTERFLY&#8217;<\/h6>\n<p>Albert Ferrer ens apropar\u00e0 a una de les \u00f2peres m\u00e9s famoses de Puccini.<br \/>\nDins del cicle L&#8217;Atl\u00e0ntida a la Biblioteca. Gratu\u00eft. Aforament limitat.<br \/>\n______________________<\/p>\n<h6>Dimarts 7 de febrer \u2013 20 h \u2013 Sala 3 Joan Anglada<br \/>\nCONCERT DE GUITARRES D\u2019ACORD<\/h6>\n<p>Aules dels professors Fran Gamallo i Quim Abramo<br \/>\n______________________<\/p>\n<h6>Dimecres 8 de febrer \u2013 19 h \u2013 Sala 3 Joan Anglada<br \/>\nAUDICI\u00d3 DE SAXOFON<\/h6>\n<p>Aula de la professora Dol\u00e7a Albert i el professor Toni Pola<br \/>\n______________________<\/p>\n<h6>Dimecres 8 de febrer \u2013 19:15 h \u2013 Aula 46<br \/>\nAUDICI\u00d3 DE VIOL\u00cd<\/h6>\n<p>Aula del professor Humbert Rovira<br \/>\n______________________<\/p>\n","protected":false},"excerpt":{"rendered":"<p>______________________<br \/>\nDijous 2 de febrer \u2013 20 h \u2013 Sala 3 Joan Anglada<br \/>\nAUDICI\u00d3 DE VIOLONCEL<br \/>\nAules de la professora Susanne Spendlin i dels professors Albert Bardolet i Daniel Oliu<br \/>\n______________________<br \/>\nDivendres 3 de febrer \u2013 18 h \u2013 Sala 3 Joan Anglada<br \/>\nAUDICI\u00d3 DE PIANO<br \/>\nAula de la professora Ana Carro.&hellip;  <a href=\"https:\/\/agora.xtec.cat\/escmusicavic\/general\/agenda-setmanal-12-del-2-al-8-de-febrer-de-2023\/\" title=\"Read AGENDA SETMANAL 12. Del 2 al 8 de febrer de 2023\">Llegeix m\u00e9s\u00bb<\/a><\/p>\n","protected":false},"author":11,"featured_media":0,"comment_status":"closed","ping_status":"closed","sticky":false,"template":"","format":"standard","meta":{"_bbp_topic_count":0,"_bbp_reply_count":0,"_bbp_total_topic_count":0,"_bbp_total_reply_count":0,"_bbp_voice_count":0,"_bbp_anonymous_reply_count":0,"_bbp_topic_count_hidden":0,"_bbp_reply_count_hidden":0,"_bbp_forum_subforum_count":0,"footnotes":""},"categories":[1,29],"tags":[],"class_list":["post-5621","post","type-post","status-publish","format-standard","hentry","category-general","category-portada"],"post_mailing_queue_ids":[],"_links":{"self":[{"href":"https:\/\/agora.xtec.cat\/escmusicavic\/wp-json\/wp\/v2\/posts\/5621","targetHints":{"allow":["GET"]}}],"collection":[{"href":"https:\/\/agora.xtec.cat\/escmusicavic\/wp-json\/wp\/v2\/posts"}],"about":[{"href":"https:\/\/agora.xtec.cat\/escmusicavic\/wp-json\/wp\/v2\/types\/post"}],"author":[{"embeddable":true,"href":"https:\/\/agora.xtec.cat\/escmusicavic\/wp-json\/wp\/v2\/users\/11"}],"replies":[{"embeddable":true,"href":"https:\/\/agora.xtec.cat\/escmusicavic\/wp-json\/wp\/v2\/comments?post=5621"}],"version-history":[{"count":2,"href":"https:\/\/agora.xtec.cat\/escmusicavic\/wp-json\/wp\/v2\/posts\/5621\/revisions"}],"predecessor-version":[{"id":5623,"href":"https:\/\/agora.xtec.cat\/escmusicavic\/wp-json\/wp\/v2\/posts\/5621\/revisions\/5623"}],"wp:attachment":[{"href":"https:\/\/agora.xtec.cat\/escmusicavic\/wp-json\/wp\/v2\/media?parent=5621"}],"wp:term":[{"taxonomy":"category","embeddable":true,"href":"https:\/\/agora.xtec.cat\/escmusicavic\/wp-json\/wp\/v2\/categories?post=5621"},{"taxonomy":"post_tag","embeddable":true,"href":"https:\/\/agora.xtec.cat\/escmusicavic\/wp-json\/wp\/v2\/tags?post=5621"}],"curies":[{"name":"wp","href":"https:\/\/api.w.org\/{rel}","templated":true}]}}