{"id":5082,"date":"2022-04-27T16:07:12","date_gmt":"2022-04-27T14:07:12","guid":{"rendered":"https:\/\/agora.xtec.cat\/escmusicavic\/?p=5082"},"modified":"2022-04-27T16:10:25","modified_gmt":"2022-04-27T14:10:25","slug":"llistats-de-preinscrits-amb-barems-definitius-p4-p5-ne-i-nm","status":"publish","type":"post","link":"https:\/\/agora.xtec.cat\/escmusicavic\/general\/llistats-de-preinscrits-amb-barems-definitius-p4-p5-ne-i-nm\/","title":{"rendered":"LLISTATS DE PREINSCRITS AMB BAREMS DEFINITIUS (P4, P5, NE I NM)"},"content":{"rendered":"<p>Accediu al seg\u00fcent<strong>\u00a0<a href=\"https:\/\/agora.xtec.cat\/escmusicavic\/preinscripcions-pels-alumnes-nous\/p4-p5-nivell-elemental-i-nivell-mitja\/\">enlla\u00e7<\/a><\/strong>\u00a0per veure els llistats de les preinscripcions realitzades dins de termini <strong>amb els barems definitius<\/strong>.<\/p>\n<p>Recordeu que necessiteu el n\u00famero de sol\u00b7licitud de preinscripci\u00f3 per localitzar i revisar la vostra inscripci\u00f3. Si no la teniu, envieu un email a\u00a0<a>recepcio<span class=\"\">@emvic.cat<\/span><\/a><\/p>\n<p><span lang=\"CA\"><b><u>SORTEIG<\/u><\/b><\/span><\/p>\n<p><span lang=\"CA\">Una vegada revisades les puntuacions definitives de les sol\u00b7licituds de preinscripci\u00f3 hem vist que hi ha diversos casos d&#8217;<b>inscripcions de P4, P5 i 1r NE<\/b>\u00a0amb empat de punts. Per tal d&#8217;establir l&#8217;ordre\u00a0<span class=\"markfazhpx55d\" data-markjs=\"true\" data-ogac=\"\" data-ogab=\"\" data-ogsc=\"\" data-ogsb=\"\">definitiu<\/span>\u00a0de puntuacions cal que fem un sorteig entre els alumnes que provinguin del mateix centre escolar i hagin obtingut la mateixa puntuaci\u00f3.\u00a0<b>Tingueu en compte que aquest sorteig no implica una adjudicaci\u00f3 de places, nom\u00e9s permetr\u00e0 determinar l&#8217;ordre\u00a0<span class=\"markfazhpx55d\" data-markjs=\"true\" data-ogac=\"\" data-ogab=\"\" data-ogsc=\"\" data-ogsb=\"\">definitiu<\/span>\u00a0de les preinscripcions.<\/b><\/span><\/p>\n<p><span lang=\"CA\"><b>IMPORTANT:\u00a0<\/b>Per veure si la vostra sol\u00b7licitud entra dins el sorteig, reviseu la columna &#8220;<span style=\"background-color: #edc639;\">N\u00famero del Sorteig<\/span>&#8220;, si teniu assignat un n\u00famero a la vostra sol\u00b7licitud i est\u00e0 de<\/span><span lang=\"CA\">\u00a0<\/span><span lang=\"CA\" style=\"background-color: #edc639;\">color groc<\/span><span lang=\"CA\">\u00a0significa que entreu en el sorteig per establir l&#8217;ordre\u00a0<span class=\"markfazhpx55d\" data-markjs=\"true\" data-ogac=\"\" data-ogab=\"\" data-ogsc=\"\" data-ogsb=\"\">definitiu<\/span>.\u00a0<\/span><\/p>\n<p><span lang=\"CA\"><b><u>El sorteig tindr\u00e0 lloc dem\u00e0 dia 28 d&#8217;abril a les 18:30 h<\/u><\/b><b><u>\u00a0a la sala 3 de l&#8217;EMVIC<\/u><\/b>\u00a0(obert a tots els que hi vulgueu assistir). Comptarem\u00a0<\/span>amb la pres\u00e8ncia d&#8217;un representant de l&#8217;AMPA de l&#8217;EMVIC, com a testimoni del sorteig i el divendres 29 d&#8217;abril publicarem l&#8217;ordre definitiu despr\u00e9s de realitzar el sorteig.<\/p>\n","protected":false},"excerpt":{"rendered":"<p>Accediu al seg\u00fcent\u00a0<a href=\"https:\/\/agora.xtec.cat\/escmusicavic\/preinscripcions-pels-alumnes-nous\/p4-p5-nivell-elemental-i-nivell-mitja\/\">enlla\u00e7<\/a>\u00a0per veure els llistats de les preinscripcions realitzades dins de termini amb els barems definitius.<br \/>\nRecordeu que necessiteu el n\u00famero de sol\u00b7licitud de preinscripci\u00f3 per localitzar i revisar la vostra inscripci\u00f3. Si no la teniu, envieu un email a\u00a0<a>recepcio@emvic.cat<\/a><br \/>\nSORTEIG<br \/>\nUna vegada revisades les puntuacions&hellip;  <a href=\"https:\/\/agora.xtec.cat\/escmusicavic\/general\/llistats-de-preinscrits-amb-barems-definitius-p4-p5-ne-i-nm\/\" title=\"Read LLISTATS DE PREINSCRITS AMB BAREMS DEFINITIUS (P4, P5, NE I NM)\">Llegeix m\u00e9s\u00bb<\/a><\/p>\n","protected":false},"author":11,"featured_media":0,"comment_status":"closed","ping_status":"closed","sticky":false,"template":"","format":"standard","meta":{"_bbp_topic_count":0,"_bbp_reply_count":0,"_bbp_total_topic_count":0,"_bbp_total_reply_count":0,"_bbp_voice_count":0,"_bbp_anonymous_reply_count":0,"_bbp_topic_count_hidden":0,"_bbp_reply_count_hidden":0,"_bbp_forum_subforum_count":0,"footnotes":""},"categories":[1,29],"tags":[],"class_list":["post-5082","post","type-post","status-publish","format-standard","hentry","category-general","category-portada"],"post_mailing_queue_ids":[],"_links":{"self":[{"href":"https:\/\/agora.xtec.cat\/escmusicavic\/wp-json\/wp\/v2\/posts\/5082","targetHints":{"allow":["GET"]}}],"collection":[{"href":"https:\/\/agora.xtec.cat\/escmusicavic\/wp-json\/wp\/v2\/posts"}],"about":[{"href":"https:\/\/agora.xtec.cat\/escmusicavic\/wp-json\/wp\/v2\/types\/post"}],"author":[{"embeddable":true,"href":"https:\/\/agora.xtec.cat\/escmusicavic\/wp-json\/wp\/v2\/users\/11"}],"replies":[{"embeddable":true,"href":"https:\/\/agora.xtec.cat\/escmusicavic\/wp-json\/wp\/v2\/comments?post=5082"}],"version-history":[{"count":3,"href":"https:\/\/agora.xtec.cat\/escmusicavic\/wp-json\/wp\/v2\/posts\/5082\/revisions"}],"predecessor-version":[{"id":5085,"href":"https:\/\/agora.xtec.cat\/escmusicavic\/wp-json\/wp\/v2\/posts\/5082\/revisions\/5085"}],"wp:attachment":[{"href":"https:\/\/agora.xtec.cat\/escmusicavic\/wp-json\/wp\/v2\/media?parent=5082"}],"wp:term":[{"taxonomy":"category","embeddable":true,"href":"https:\/\/agora.xtec.cat\/escmusicavic\/wp-json\/wp\/v2\/categories?post=5082"},{"taxonomy":"post_tag","embeddable":true,"href":"https:\/\/agora.xtec.cat\/escmusicavic\/wp-json\/wp\/v2\/tags?post=5082"}],"curies":[{"name":"wp","href":"https:\/\/api.w.org\/{rel}","templated":true}]}}