{"id":3404,"date":"2020-07-20T09:32:36","date_gmt":"2020-07-20T07:32:36","guid":{"rendered":"http:\/\/agora.xtec.cat\/escmusicavic\/?p=3404"},"modified":"2020-09-02T16:25:32","modified_gmt":"2020-09-02T14:25:32","slug":"alumnes-que-han-accedit-a-estudis-superiors-de-musica","status":"publish","type":"post","link":"https:\/\/agora.xtec.cat\/escmusicavic\/general\/alumnes-que-han-accedit-a-estudis-superiors-de-musica\/","title":{"rendered":"ALUMNES QUE HAN ACCEDIT A ESTUDIS SUPERIORS DE M\u00daSICA"},"content":{"rendered":"<p><span lang=\"CA-ES\">Alba Compte, Carla\u00a0<\/span><span lang=\"CA-ES\">Sanuy,\u00a0<\/span><span lang=\"CA-ES\">Aniol Torrents, Hawa Sow i N\u00faria Ordeix, alumnes del Conservatori de Vic, han accedit als centres superiors de m\u00fasica. Alba Compte ha accedit al<\/span><span lang=\"CA-ES\">\u00a0<\/span><span lang=\"CA-ES\">Musikene<\/span><span lang=\"CA-ES\">, Centre Superior del Pa\u00eds Basc<\/span><span lang=\"CA-ES\">\u00a0en l\u2019especialitat de viol\u00ed.\u00a0<\/span><span lang=\"CA-ES\">Carla\u00a0<\/span><span lang=\"CA-ES\">Sanuy<\/span><span lang=\"CA-ES\">\u00a0ha accedit al Conservatori Superior del Liceu en l\u2019especialitat de viol\u00ed<\/span><span lang=\"CA-ES\">.\u00a0<\/span><span lang=\"CA-ES\">Aniol Torrents ha accedit al\u00a0<\/span><span lang=\"CA-ES\">Conservatori Superior d\u2019Amsterdam, en l\u2019especialitat de baix el\u00e8ctric. <span class=\"css-901oao css-16my406 r-1qd0xha r-ad9z0x r-bcqeeo r-qvutc0\">Hawa Sow ha accedit a musicologia a l&#8217;ESMUC, i N\u00faria Ordeix a producci\u00f3 i gesti\u00f3, tamb\u00e9 a l&#8217;ESMUC.<\/span><\/span><\/p>\n<p><span lang=\"CA-ES\">Des del Conservatori volem felicitar-los a ells, a les seves fam\u00edlies i als seus professors<\/span><span lang=\"CA-ES\">: Gabriel Coll, N\u00faria Ayats, Anna Roca, Enric\u00a0<\/span><span lang=\"CA-ES\">Puigdesens,\u00a0<\/span><span lang=\"CA-ES\">Guillem Costa, Nat\u00e0lia Arroyo i Cati Reus.\u00a0<\/span><span lang=\"CA-ES\">Per molts anys<\/span><span lang=\"CA-ES\">!<\/span><\/p>\n<p><a href=\"https:\/\/agora.xtec.cat\/escmusicavic\/wp-content\/uploads\/usu1071\/2020\/07\/WhatsApp-Image-2020-07-20-at-09.22.04.jpeg\"><img loading=\"lazy\" decoding=\"async\" class=\"alignleft size-medium wp-image-3405\" src=\"https:\/\/agora.xtec.cat\/escmusicavic\/wp-content\/uploads\/usu1071\/2020\/07\/WhatsApp-Image-2020-07-20-at-09.22.04-300x300.jpeg\" alt=\"\" width=\"300\" height=\"300\" srcset=\"https:\/\/agora.xtec.cat\/escmusicavic\/wp-content\/uploads\/usu1071\/2020\/07\/WhatsApp-Image-2020-07-20-at-09.22.04-300x300.jpeg 300w, https:\/\/agora.xtec.cat\/escmusicavic\/wp-content\/uploads\/usu1071\/2020\/07\/WhatsApp-Image-2020-07-20-at-09.22.04-150x150.jpeg 150w, https:\/\/agora.xtec.cat\/escmusicavic\/wp-content\/uploads\/usu1071\/2020\/07\/WhatsApp-Image-2020-07-20-at-09.22.04-768x768.jpeg 768w, https:\/\/agora.xtec.cat\/escmusicavic\/wp-content\/uploads\/usu1071\/2020\/07\/WhatsApp-Image-2020-07-20-at-09.22.04.jpeg 1024w\" sizes=\"auto, (max-width: 300px) 100vw, 300px\" \/><\/a> <a href=\"https:\/\/agora.xtec.cat\/escmusicavic\/wp-content\/uploads\/usu1071\/2020\/07\/WhatsApp-Image-2020-07-20-at-09.22.35.jpeg\"><img loading=\"lazy\" decoding=\"async\" class=\"alignleft size-medium wp-image-3406\" src=\"https:\/\/agora.xtec.cat\/escmusicavic\/wp-content\/uploads\/usu1071\/2020\/07\/WhatsApp-Image-2020-07-20-at-09.22.35-300x300.jpeg\" alt=\"\" width=\"300\" height=\"300\" srcset=\"https:\/\/agora.xtec.cat\/escmusicavic\/wp-content\/uploads\/usu1071\/2020\/07\/WhatsApp-Image-2020-07-20-at-09.22.35-300x300.jpeg 300w, https:\/\/agora.xtec.cat\/escmusicavic\/wp-content\/uploads\/usu1071\/2020\/07\/WhatsApp-Image-2020-07-20-at-09.22.35-150x150.jpeg 150w, https:\/\/agora.xtec.cat\/escmusicavic\/wp-content\/uploads\/usu1071\/2020\/07\/WhatsApp-Image-2020-07-20-at-09.22.35-768x768.jpeg 768w, https:\/\/agora.xtec.cat\/escmusicavic\/wp-content\/uploads\/usu1071\/2020\/07\/WhatsApp-Image-2020-07-20-at-09.22.35.jpeg 1024w\" sizes=\"auto, (max-width: 300px) 100vw, 300px\" \/><\/a><\/p>\n<p>&nbsp;<\/p>\n<p><span class=\"css-901oao css-16my406 r-1qd0xha r-ad9z0x r-bcqeeo r-qvutc0\">. <\/span><\/p>\n","protected":false},"excerpt":{"rendered":"<p>Alba Compte, Carla\u00a0Sanuy,\u00a0Aniol Torrents, Hawa Sow i N\u00faria Ordeix, alumnes del Conservatori de Vic, han accedit als centres superiors de m\u00fasica. Alba Compte ha accedit al\u00a0Musikene, Centre Superior del Pa\u00eds Basc\u00a0en l\u2019especialitat de viol\u00ed.\u00a0Carla\u00a0Sanuy\u00a0ha accedit al Conservatori Superior del Liceu en l\u2019especialitat de viol\u00ed.\u00a0Aniol Torrents&hellip;  <a href=\"https:\/\/agora.xtec.cat\/escmusicavic\/general\/alumnes-que-han-accedit-a-estudis-superiors-de-musica\/\" title=\"Read ALUMNES QUE HAN ACCEDIT A ESTUDIS SUPERIORS DE M\u00daSICA\">Llegeix m\u00e9s\u00bb<\/a><\/p>\n","protected":false},"author":11,"featured_media":2062,"comment_status":"closed","ping_status":"closed","sticky":false,"template":"","format":"standard","meta":{"_bbp_topic_count":0,"_bbp_reply_count":0,"_bbp_total_topic_count":0,"_bbp_total_reply_count":0,"_bbp_voice_count":0,"_bbp_anonymous_reply_count":0,"_bbp_topic_count_hidden":0,"_bbp_reply_count_hidden":0,"_bbp_forum_subforum_count":0,"footnotes":""},"categories":[1,29],"tags":[],"class_list":["post-3404","post","type-post","status-publish","format-standard","has-post-thumbnail","hentry","category-general","category-portada"],"post_mailing_queue_ids":[],"_links":{"self":[{"href":"https:\/\/agora.xtec.cat\/escmusicavic\/wp-json\/wp\/v2\/posts\/3404","targetHints":{"allow":["GET"]}}],"collection":[{"href":"https:\/\/agora.xtec.cat\/escmusicavic\/wp-json\/wp\/v2\/posts"}],"about":[{"href":"https:\/\/agora.xtec.cat\/escmusicavic\/wp-json\/wp\/v2\/types\/post"}],"author":[{"embeddable":true,"href":"https:\/\/agora.xtec.cat\/escmusicavic\/wp-json\/wp\/v2\/users\/11"}],"replies":[{"embeddable":true,"href":"https:\/\/agora.xtec.cat\/escmusicavic\/wp-json\/wp\/v2\/comments?post=3404"}],"version-history":[{"count":1,"href":"https:\/\/agora.xtec.cat\/escmusicavic\/wp-json\/wp\/v2\/posts\/3404\/revisions"}],"predecessor-version":[{"id":3407,"href":"https:\/\/agora.xtec.cat\/escmusicavic\/wp-json\/wp\/v2\/posts\/3404\/revisions\/3407"}],"wp:featuredmedia":[{"embeddable":true,"href":"https:\/\/agora.xtec.cat\/escmusicavic\/wp-json\/wp\/v2\/media\/2062"}],"wp:attachment":[{"href":"https:\/\/agora.xtec.cat\/escmusicavic\/wp-json\/wp\/v2\/media?parent=3404"}],"wp:term":[{"taxonomy":"category","embeddable":true,"href":"https:\/\/agora.xtec.cat\/escmusicavic\/wp-json\/wp\/v2\/categories?post=3404"},{"taxonomy":"post_tag","embeddable":true,"href":"https:\/\/agora.xtec.cat\/escmusicavic\/wp-json\/wp\/v2\/tags?post=3404"}],"curies":[{"name":"wp","href":"https:\/\/api.w.org\/{rel}","templated":true}]}}