{"id":2667,"date":"2020-04-03T23:16:10","date_gmt":"2020-04-03T21:16:10","guid":{"rendered":"http:\/\/agora.xtec.cat\/escmusicavic\/?p=2667"},"modified":"2020-04-17T17:01:28","modified_gmt":"2020-04-17T15:01:28","slug":"plataforma-teams-per-alumnes-de-nivell-elemental-nivell-mitja-i-conservatori","status":"publish","type":"post","link":"https:\/\/agora.xtec.cat\/escmusicavic\/general\/plataforma-teams-per-alumnes-de-nivell-elemental-nivell-mitja-i-conservatori\/","title":{"rendered":"Teams per alumnes de Nivell Elemental, Nivell Mitj\u00e0 i Conservatori"},"content":{"rendered":"<p><a href=\"http:\/\/agora.xtec.cat\/escmusicavic\/general\/plataforma-teams-per-alumnes-de-nivell-elemental-nivell-mitja-i-conservatori\/attachment\/ms-team-logo\/\" rel=\"attachment wp-att-2675\"><img loading=\"lazy\" decoding=\"async\" class=\"aligncenter wp-image-2675 size-full\" src=\"https:\/\/agora.xtec.cat\/escmusicavic\/wp-content\/uploads\/usu1071\/2020\/04\/ms-team-logo.png\" alt=\"\" width=\"205\" height=\"164\" \/><\/a><\/p>\n<p>Des del passat divendres dia 27 de mar\u00e7 tots els alumnes de <strong>Nivell Elemental, Nivell Mitj\u00e0 i Conservatori <\/strong>ja tenen acc\u00e9s a la <strong>plataforma Teams<\/strong>.<\/p>\n<p>Actualment fem servir aquesta aplicaci\u00f3 com a <strong>aula virtual de l\u2019alumne<\/strong>, ja que facilita la comunicaci\u00f3 amb i el\/la seu\/seva professor\/a, les tutories, les classes, compartici\u00f3 de materials en diferents formats (v\u00eddeos, \u00e0udios, documents,&#8230;). Us recomanem que en la mesura del possible utilitzeu aquesta plataforma per a poder <strong>garantir la protecci\u00f3 de dades<\/strong> dels vostres fills.<\/p>\n<p>Per accedir al Teams heu de<strong> descarregar l&#8217;aplicaci\u00f3<\/strong> al vostre ordinador, tablet i\/o m\u00f2bil. Ho podeu fer al seg\u00fcent\u00a0enlla\u00e7:<br \/>\n<a href=\"https:\/\/products.office.com\/es-ww\/microsoft-teams\/download-app\" target=\"_blank\" rel=\"noopener noreferrer\" data-auth=\"NotApplicable\">Descarrega Teams<\/a><\/p>\n<p>Tamb\u00e9 us adjuntem un petit <strong>tutorial d&#8217;alta a l&#8217;aplicaci\u00f3\u00a0Teams<\/strong>:<br \/>\n<a href=\"https:\/\/www.youtube.com\/watch?v=_s_ah73KkXg&amp;feature=youtu.be%A0\" target=\"_blank\" rel=\"noopener noreferrer\" data-auth=\"NotApplicable\">Tutorial Teams<\/a><\/p>\n<p>Si teniu dificultats per accedir a la plataforma o no v\u00e0reu rebre el correu electr\u00f2nic amb les vostres credencials podeu escriure a <a href=\"mailto:santi.canari@latlantidavic.cat\">santi.canari@latlantidavic.cat<\/a><\/p>\n","protected":false},"excerpt":{"rendered":"<p><a href=\"http:\/\/agora.xtec.cat\/escmusicavic\/general\/plataforma-teams-per-alumnes-de-nivell-elemental-nivell-mitja-i-conservatori\/attachment\/ms-team-logo\/\" rel=\"attachment wp-att-2675\"><\/a><br \/>\nDes del passat divendres dia 27 de mar\u00e7 tots els alumnes de Nivell Elemental, Nivell Mitj\u00e0 i Conservatori ja tenen acc\u00e9s a la plataforma Teams.<br \/>\nActualment fem servir aquesta aplicaci\u00f3 com a aula virtual de l\u2019alumne, ja que facilita la comunicaci\u00f3 amb i&hellip;  <a href=\"https:\/\/agora.xtec.cat\/escmusicavic\/general\/plataforma-teams-per-alumnes-de-nivell-elemental-nivell-mitja-i-conservatori\/\" title=\"Read Teams per alumnes de Nivell Elemental, Nivell Mitj\u00e0 i Conservatori\">Llegeix m\u00e9s\u00bb<\/a><\/p>\n","protected":false},"author":11,"featured_media":0,"comment_status":"closed","ping_status":"closed","sticky":false,"template":"","format":"standard","meta":{"_bbp_topic_count":0,"_bbp_reply_count":0,"_bbp_total_topic_count":0,"_bbp_total_reply_count":0,"_bbp_voice_count":0,"_bbp_anonymous_reply_count":0,"_bbp_topic_count_hidden":0,"_bbp_reply_count_hidden":0,"_bbp_forum_subforum_count":0,"footnotes":""},"categories":[1,29],"tags":[],"class_list":["post-2667","post","type-post","status-publish","format-standard","hentry","category-general","category-portada"],"post_mailing_queue_ids":[],"_links":{"self":[{"href":"https:\/\/agora.xtec.cat\/escmusicavic\/wp-json\/wp\/v2\/posts\/2667","targetHints":{"allow":["GET"]}}],"collection":[{"href":"https:\/\/agora.xtec.cat\/escmusicavic\/wp-json\/wp\/v2\/posts"}],"about":[{"href":"https:\/\/agora.xtec.cat\/escmusicavic\/wp-json\/wp\/v2\/types\/post"}],"author":[{"embeddable":true,"href":"https:\/\/agora.xtec.cat\/escmusicavic\/wp-json\/wp\/v2\/users\/11"}],"replies":[{"embeddable":true,"href":"https:\/\/agora.xtec.cat\/escmusicavic\/wp-json\/wp\/v2\/comments?post=2667"}],"version-history":[{"count":4,"href":"https:\/\/agora.xtec.cat\/escmusicavic\/wp-json\/wp\/v2\/posts\/2667\/revisions"}],"predecessor-version":[{"id":2682,"href":"https:\/\/agora.xtec.cat\/escmusicavic\/wp-json\/wp\/v2\/posts\/2667\/revisions\/2682"}],"wp:attachment":[{"href":"https:\/\/agora.xtec.cat\/escmusicavic\/wp-json\/wp\/v2\/media?parent=2667"}],"wp:term":[{"taxonomy":"category","embeddable":true,"href":"https:\/\/agora.xtec.cat\/escmusicavic\/wp-json\/wp\/v2\/categories?post=2667"},{"taxonomy":"post_tag","embeddable":true,"href":"https:\/\/agora.xtec.cat\/escmusicavic\/wp-json\/wp\/v2\/tags?post=2667"}],"curies":[{"name":"wp","href":"https:\/\/api.w.org\/{rel}","templated":true}]}}