{"id":1647,"date":"2019-09-04T15:46:35","date_gmt":"2019-09-04T13:46:35","guid":{"rendered":"http:\/\/agora.xtec.cat\/escmusicavic\/?p=1647"},"modified":"2019-09-05T14:06:01","modified_gmt":"2019-09-05T12:06:01","slug":"convocatoria-extraordinaria-als-tallers-imusica","status":"publish","type":"post","link":"https:\/\/agora.xtec.cat\/escmusicavic\/portada\/convocatoria-extraordinaria-als-tallers-imusica\/","title":{"rendered":"Convocat\u00f2ria extraordin\u00e0ria als Tallers iM\u00fasica"},"content":{"rendered":"<div>\n<p><span style=\"color: #800080;\">CONVOCAT\u00d2RIA EXTRAORDIN\u00c0RIA D\u2019INSCRIPCI\u00d3 AL CURS 2019 \u2013 2020\u00a0ALS TALLERS\u00a0iM\u00daSICA<\/span><\/p>\n<p><span style=\"color: #800080;\">A partir del\u00a0dimecres,\u00a04 de setembre, i fins al diumenge, 15 de setembre de 2019, s\u2019obre\u00a0una\u00a0convocat\u00f2ria\u00a0extraordin\u00e0ria als\u00a0Tallers\u00a0iM\u00fasica\u00a0de\u00a0l\u2019emvic\u00a0pel curs 2019-2020.<\/span><\/p>\n<\/div>\n<p><span data-contrast=\"auto\">Els Tallers\u00a0<\/span><span data-contrast=\"auto\">iM\u00fasica<\/span><span data-contrast=\"auto\">\u00a0s\u00f3n una oferta educativa complement\u00e0ria adre\u00e7ada especialment als alumnes de final del Nivell Elemental, Nivell Mitj\u00e0 i Grau Professional, per\u00f2 tamb\u00e9 a nois i noies d\u2019entre 10\u00a0i 18 anys que no siguin alumnes de l\u2019escola i que tingui inter\u00e8s en una de les especialitats proposades.<\/span><span data-ccp-props=\"{&quot;201341983&quot;:0,&quot;335551550&quot;:6,&quot;335551620&quot;:6,&quot;335559739&quot;:160,&quot;335559740&quot;:259}\">\u00a0<\/span><\/p>\n<p><span data-contrast=\"auto\">Cursos de vuit sessions amb professors propis del centre o especialistes convidats.<\/span><span data-ccp-props=\"{&quot;201341983&quot;:0,&quot;335551550&quot;:6,&quot;335551620&quot;:6,&quot;335559739&quot;:160,&quot;335559740&quot;:259}\">\u00a0<\/span><\/p>\n<p><span data-contrast=\"auto\">Els tallers\u00a0<\/span><span data-contrast=\"auto\">iM\u00fasica<\/span><span data-contrast=\"auto\">\u00a0poden fer la funci\u00f3\u00a0<\/span><span data-contrast=\"auto\">d\u2019ooptatives<\/span><span data-contrast=\"auto\">\u00a0de Grau Professional a l\u2019assignatura CAC. El valor \u00e9s de 8 hores per cada Taller\u00a0iM\u00fasica.<\/span><span data-ccp-props=\"{&quot;201341983&quot;:0,&quot;335551550&quot;:6,&quot;335551620&quot;:6,&quot;335559739&quot;:160,&quot;335559740&quot;:259}\">\u00a0<\/span><\/p>\n<p><span style=\"color: #800080;\"><strong>FORMAT, PREUS I OFERTA EDUCATIVA\u00a0<\/strong><\/span><\/p>\n<p><span data-contrast=\"auto\">Tallers trimestrals de 8 sessions. Es poden fer de manera independent o donar-hi continu\u00eftat d\u2019un trimestre a l\u2019altre.<\/span><span data-ccp-props=\"{&quot;201341983&quot;:0,&quot;335551550&quot;:6,&quot;335551620&quot;:6,&quot;335559739&quot;:160,&quot;335559740&quot;:259}\">\u00a0<\/span><\/p>\n<p><span data-contrast=\"auto\"><strong><em>Tallers individuals (30\u2019 \u2013 120\u20ac per persona)<\/em><\/strong><\/span><span data-ccp-props=\"{&quot;201341983&quot;:0,&quot;335551550&quot;:6,&quot;335551620&quot;:6,&quot;335559739&quot;:160,&quot;335559740&quot;:259}\">\u00a0<\/span><\/p>\n<ul>\n<li><span data-contrast=\"auto\">Cant cl\u00e0ssic<\/span><\/li>\n<li><span data-contrast=\"auto\">Cant modern<\/span><\/li>\n<\/ul>\n<p><span data-contrast=\"auto\"><strong><em>Tallers en petit grup de 2 o 3 alumnes (40\u2019\/60\u2019 \u2013 80E per persona)<\/em><\/strong><\/span><span data-ccp-props=\"{&quot;201341983&quot;:0,&quot;335551550&quot;:6,&quot;335551620&quot;:6,&quot;335559739&quot;:160,&quot;335559740&quot;:259}\">\u00a0<\/span><\/p>\n<ul>\n<li><span data-contrast=\"auto\">Guitarra d\u2019acompanyament\u00a0(en petit grup)<\/span><\/li>\n<li><span data-contrast=\"auto\">Guitarra el\u00e8ctrica\u00a0(en petit grup)<\/span><\/li>\n<li><span data-contrast=\"auto\">Bateria per a no\u00a0<\/span><span data-contrast=\"auto\">bateristes<\/span><span data-contrast=\"auto\">(en petit grup)<\/span><span data-ccp-props=\"{&quot;134233279&quot;:true,&quot;201341983&quot;:0,&quot;335551550&quot;:6,&quot;335551620&quot;:6,&quot;335559739&quot;:160,&quot;335559740&quot;:259}\">\u00a0<\/span><\/li>\n<li><span data-contrast=\"auto\">Iniciaci\u00f3 a l\u2019ukelele<\/span><\/li>\n<\/ul>\n<p><span style=\"color: #800080;\"><strong>CALENDARI<\/strong><\/span><\/p>\n<ul>\n<li>CONVOCAT\u00d2RIA EXTRAORDIN\u00c0RIA (sol\u00b7licitud de pla\u00e7a) del 4 de setembre al 15 de setembre de 2019 a trav\u00e9s d\u2019aquesta mateixa p\u00e0gina.<\/li>\n<li>RESOLUCI\u00d3 DE LA PREINSCRIPCI\u00d3 (adjudicaci\u00f3 de places) a partir del 16 de setembre de 2019.<\/li>\n<li>MATR\u00cdCULA \u2013 a partir del 6 de setembre i una vegada confirmada la pla\u00e7a.<\/li>\n<li>INICI DE LES CLASSES DEL PRIMER TRIMESTRE \u2013 a partir de l\u20191 d\u2019octubre de 2019.<\/li>\n<li>INICI DE LES CLASSES DEL SEGON TRIMESTRE &#8211; a partir de l&#8217;1 de febrer de 2020.<\/li>\n<\/ul>\n<p>&nbsp;<\/p>\n<hr \/>\n<p><a href=\"https:\/\/emvic.gwido.cat\/inscripcio_ciutadana\/public\/dades_personals\/251\">INSCRIPCI\u00d3<\/a><\/p>\n<hr \/>\n<p>&nbsp;<\/p>\n","protected":false},"excerpt":{"rendered":"<p>CONVOCAT\u00d2RIA EXTRAORDIN\u00c0RIA D\u2019INSCRIPCI\u00d3 AL CURS 2019 \u2013 2020\u00a0ALS TALLERS\u00a0iM\u00daSICA<br \/>\nA partir del\u00a0dimecres,\u00a04 de setembre, i fins al diumenge, 15 de setembre de 2019, s\u2019obre\u00a0una\u00a0convocat\u00f2ria\u00a0extraordin\u00e0ria als\u00a0Tallers\u00a0iM\u00fasica\u00a0de\u00a0l\u2019emvic\u00a0pel curs 2019-2020.<\/p>\n<p>Els Tallers\u00a0iM\u00fasica\u00a0s\u00f3n una oferta educativa complement\u00e0ria adre\u00e7ada especialment als alumnes de final del Nivell Elemental, Nivell Mitj\u00e0 i Grau Professional,&hellip;  <a href=\"https:\/\/agora.xtec.cat\/escmusicavic\/portada\/convocatoria-extraordinaria-als-tallers-imusica\/\" title=\"Read Convocat\u00f2ria extraordin\u00e0ria als Tallers iM\u00fasica\">Llegeix m\u00e9s\u00bb<\/a><\/p>\n","protected":false},"author":1,"featured_media":0,"comment_status":"closed","ping_status":"closed","sticky":false,"template":"","format":"standard","meta":{"_bbp_topic_count":0,"_bbp_reply_count":0,"_bbp_total_topic_count":0,"_bbp_total_reply_count":0,"_bbp_voice_count":0,"_bbp_anonymous_reply_count":0,"_bbp_topic_count_hidden":0,"_bbp_reply_count_hidden":0,"_bbp_forum_subforum_count":0,"footnotes":""},"categories":[29],"tags":[],"class_list":["post-1647","post","type-post","status-publish","format-standard","hentry","category-portada"],"post_mailing_queue_ids":[],"_links":{"self":[{"href":"https:\/\/agora.xtec.cat\/escmusicavic\/wp-json\/wp\/v2\/posts\/1647","targetHints":{"allow":["GET"]}}],"collection":[{"href":"https:\/\/agora.xtec.cat\/escmusicavic\/wp-json\/wp\/v2\/posts"}],"about":[{"href":"https:\/\/agora.xtec.cat\/escmusicavic\/wp-json\/wp\/v2\/types\/post"}],"author":[{"embeddable":true,"href":"https:\/\/agora.xtec.cat\/escmusicavic\/wp-json\/wp\/v2\/users\/1"}],"replies":[{"embeddable":true,"href":"https:\/\/agora.xtec.cat\/escmusicavic\/wp-json\/wp\/v2\/comments?post=1647"}],"version-history":[{"count":3,"href":"https:\/\/agora.xtec.cat\/escmusicavic\/wp-json\/wp\/v2\/posts\/1647\/revisions"}],"predecessor-version":[{"id":1664,"href":"https:\/\/agora.xtec.cat\/escmusicavic\/wp-json\/wp\/v2\/posts\/1647\/revisions\/1664"}],"wp:attachment":[{"href":"https:\/\/agora.xtec.cat\/escmusicavic\/wp-json\/wp\/v2\/media?parent=1647"}],"wp:term":[{"taxonomy":"category","embeddable":true,"href":"https:\/\/agora.xtec.cat\/escmusicavic\/wp-json\/wp\/v2\/categories?post=1647"},{"taxonomy":"post_tag","embeddable":true,"href":"https:\/\/agora.xtec.cat\/escmusicavic\/wp-json\/wp\/v2\/tags?post=1647"}],"curies":[{"name":"wp","href":"https:\/\/api.w.org\/{rel}","templated":true}]}}