{"id":1592,"date":"2019-07-17T09:47:16","date_gmt":"2019-07-17T07:47:16","guid":{"rendered":"http:\/\/agora.xtec.cat\/escmusicavic\/?p=1592"},"modified":"2019-07-19T10:28:34","modified_gmt":"2019-07-19T08:28:34","slug":"sergi-costa-ribo-maria-erra-euras-joan-espuny-pares-i-jordi-riera-ausio-han-accedit-als-centres-de-superior","status":"publish","type":"post","link":"https:\/\/agora.xtec.cat\/escmusicavic\/portada\/sergi-costa-ribo-maria-erra-euras-joan-espuny-pares-i-jordi-riera-ausio-han-accedit-als-centres-de-superior\/","title":{"rendered":"Sergi Costa Rib\u00f3, Maria Erra Euras, Joan Espuny Par\u00e9s i Jordi Riera Ausi\u00f3 han accedit als centres de superior"},"content":{"rendered":"<p>Tots els alumnes del Conservatori de Vic que han fet les proves d&#8217;acc\u00e9s a superior han accedit als estudis que<br \/>\nsol\u00b7licitaven. Sergi Costa i Joan Espuny han accedit al Conservatori Superior del liceu en l&#8217;especialitat de piano; Maria Erra i Jordi Riera han accedit a l&#8217;ESMUC en l&#8217;especialitat de viol\u00ed i tromb\u00f3 respectivament. Des del Conservatori volem felicitar-los a ells, a les seves fam\u00edlies i als seus professors. Per molts anys<\/p>\n","protected":false},"excerpt":{"rendered":"<p>Tots els alumnes del Conservatori de Vic que han fet les proves d&#8217;acc\u00e9s a superior han accedit als estudis que<br \/>\nsol\u00b7licitaven. Sergi Costa i Joan Espuny han accedit al Conservatori Superior del liceu en l&#8217;especialitat de piano; Maria Erra i Jordi Riera han accedit a l&#8217;ESMUC&hellip;  <a href=\"https:\/\/agora.xtec.cat\/escmusicavic\/portada\/sergi-costa-ribo-maria-erra-euras-joan-espuny-pares-i-jordi-riera-ausio-han-accedit-als-centres-de-superior\/\" title=\"Read Sergi Costa Rib\u00f3, Maria Erra Euras, Joan Espuny Par\u00e9s i Jordi Riera Ausi\u00f3 han accedit als centres de superior\">Llegeix m\u00e9s\u00bb<\/a><\/p>\n","protected":false},"author":1,"featured_media":1594,"comment_status":"closed","ping_status":"closed","sticky":false,"template":"","format":"standard","meta":{"_bbp_topic_count":0,"_bbp_reply_count":0,"_bbp_total_topic_count":0,"_bbp_total_reply_count":0,"_bbp_voice_count":0,"_bbp_anonymous_reply_count":0,"_bbp_topic_count_hidden":0,"_bbp_reply_count_hidden":0,"_bbp_forum_subforum_count":0,"footnotes":""},"categories":[29],"tags":[],"class_list":["post-1592","post","type-post","status-publish","format-standard","has-post-thumbnail","hentry","category-portada"],"post_mailing_queue_ids":[],"_links":{"self":[{"href":"https:\/\/agora.xtec.cat\/escmusicavic\/wp-json\/wp\/v2\/posts\/1592","targetHints":{"allow":["GET"]}}],"collection":[{"href":"https:\/\/agora.xtec.cat\/escmusicavic\/wp-json\/wp\/v2\/posts"}],"about":[{"href":"https:\/\/agora.xtec.cat\/escmusicavic\/wp-json\/wp\/v2\/types\/post"}],"author":[{"embeddable":true,"href":"https:\/\/agora.xtec.cat\/escmusicavic\/wp-json\/wp\/v2\/users\/1"}],"replies":[{"embeddable":true,"href":"https:\/\/agora.xtec.cat\/escmusicavic\/wp-json\/wp\/v2\/comments?post=1592"}],"version-history":[{"count":4,"href":"https:\/\/agora.xtec.cat\/escmusicavic\/wp-json\/wp\/v2\/posts\/1592\/revisions"}],"predecessor-version":[{"id":1604,"href":"https:\/\/agora.xtec.cat\/escmusicavic\/wp-json\/wp\/v2\/posts\/1592\/revisions\/1604"}],"wp:featuredmedia":[{"embeddable":true,"href":"https:\/\/agora.xtec.cat\/escmusicavic\/wp-json\/wp\/v2\/media\/1594"}],"wp:attachment":[{"href":"https:\/\/agora.xtec.cat\/escmusicavic\/wp-json\/wp\/v2\/media?parent=1592"}],"wp:term":[{"taxonomy":"category","embeddable":true,"href":"https:\/\/agora.xtec.cat\/escmusicavic\/wp-json\/wp\/v2\/categories?post=1592"},{"taxonomy":"post_tag","embeddable":true,"href":"https:\/\/agora.xtec.cat\/escmusicavic\/wp-json\/wp\/v2\/tags?post=1592"}],"curies":[{"name":"wp","href":"https:\/\/api.w.org\/{rel}","templated":true}]}}