{"id":2913,"date":"2022-06-22T12:10:22","date_gmt":"2022-06-22T10:10:22","guid":{"rendered":"https:\/\/agora.xtec.cat\/escmusicalaseu\/?p=2913"},"modified":"2022-06-22T12:10:23","modified_gmt":"2022-06-22T10:10:23","slug":"concert-de-fi-de-curs","status":"publish","type":"post","link":"https:\/\/agora.xtec.cat\/escmusicalaseu\/general\/concert-de-fi-de-curs\/","title":{"rendered":"Concert de fi de curs"},"content":{"rendered":"\n<p>L&#8217;Escola Municipal de M\u00fasica de la Seu d\u2019Urgell ha programat per avui 5\u00a0 <strong>dimecres 22 de juny<\/strong> un concert per cloure el curs escolar 2021-2022. Aquestes actuacions musicals tindran lloc a <strong>dos quarts de vuit del vespre<\/strong>, a la sala Sant Dom\u00e8nec, en lloc de la pla\u00e7a de Les Monges com estava previst, a causa de les previsions meteorol\u00f2giques indiquen pluja.<\/p>\n<p>En aquesta ocasi\u00f3 participaran des dels m\u00e9s petits, que s\u00f3n els nens i nenes de sensibilitzaci\u00f3 que interpretaran diverses peces de la cantata <em>\u2018<strong>Quin cacau per fer aquest cau\u2019<\/strong><\/em>, fins les diferents agrupacions instrumentals i cors del centre, que tocaran una mostra d\u2019all\u00f2 que s\u2019ha treballat durant el curs. <a href=\"https:\/\/agora.xtec.cat\/escmusicalaseu\/wp-content\/uploads\/usu2526\/2022\/06\/20220622_Concert-fi-de-curs-definitiu.jpg\"><img loading=\"lazy\" decoding=\"async\" class=\"size-medium wp-image-2914 alignright\" src=\"https:\/\/agora.xtec.cat\/escmusicalaseu\/wp-content\/uploads\/usu2526\/2022\/06\/20220622_Concert-fi-de-curs-definitiu-213x300.jpg\" alt=\"\" width=\"213\" height=\"300\" srcset=\"https:\/\/agora.xtec.cat\/escmusicalaseu\/wp-content\/uploads\/usu2526\/2022\/06\/20220622_Concert-fi-de-curs-definitiu-213x300.jpg 213w, https:\/\/agora.xtec.cat\/escmusicalaseu\/wp-content\/uploads\/usu2526\/2022\/06\/20220622_Concert-fi-de-curs-definitiu-728x1024.jpg 728w, https:\/\/agora.xtec.cat\/escmusicalaseu\/wp-content\/uploads\/usu2526\/2022\/06\/20220622_Concert-fi-de-curs-definitiu-768x1080.jpg 768w, https:\/\/agora.xtec.cat\/escmusicalaseu\/wp-content\/uploads\/usu2526\/2022\/06\/20220622_Concert-fi-de-curs-definitiu-1093x1536.jpg 1093w, https:\/\/agora.xtec.cat\/escmusicalaseu\/wp-content\/uploads\/usu2526\/2022\/06\/20220622_Concert-fi-de-curs-definitiu.jpg 1200w\" sizes=\"auto, (max-width: 213px) 100vw, 213px\" \/><\/a><\/p>\n<p>Des de la direcci\u00f3 i claustre de professorat del centre es vol agrair a l\u2019alumnat, familiars i ciutadania que ha confiat tant en l\u2019Escola Municipal de M\u00fasica com en el Conservatori de M\u00fasica dels Pirineus. <strong>\u201cL\u2019inici de curs fou encara amb incerteses per la pand\u00e8mia, per\u00f2 tot i aix\u00ed, i despr\u00e9s de passar un inici d\u2019any complicat, el treball, les ganes i l\u2019amor per la m\u00fasica de tota la comunitat educativa ha perm\u00e8s que puguem finalitzar gaudint de la m\u00fasica en directe<\/strong>\u201d, s\u2019afirma des de la direcci\u00f3 de l\u2019escola. \u00a0<\/p>\n<p>L\u2019entrada a aquest concert que posa el colof\u00f3 del curs 2021-2022 \u00e9s lliure i gratu\u00efta.<\/p>\n","protected":false},"excerpt":{"rendered":"<p>L&#8217;Escola Municipal de M\u00fasica de la Seu d\u2019Urgell ha programat per avui 5\u00a0 dimecres 22 de juny un concert per cloure el curs escolar 2021-2022. Aquestes actuacions musicals tindran lloc a dos quarts de vuit del vespre, a la sala Sant Dom\u00e8nec, en lloc de&hellip;  <a href=\"https:\/\/agora.xtec.cat\/escmusicalaseu\/general\/concert-de-fi-de-curs\/\" title=\"Read Concert de fi de curs\">Llegeix m\u00e9s\u00bb<\/a><\/p>\n","protected":false},"author":1,"featured_media":2914,"comment_status":"closed","ping_status":"open","sticky":false,"template":"","format":"standard","meta":{"_bbp_topic_count":0,"_bbp_reply_count":0,"_bbp_total_topic_count":0,"_bbp_total_reply_count":0,"_bbp_voice_count":0,"_bbp_anonymous_reply_count":0,"_bbp_topic_count_hidden":0,"_bbp_reply_count_hidden":0,"_bbp_forum_subforum_count":0,"footnotes":""},"categories":[106,1,29],"tags":[107],"class_list":["post-2913","post","type-post","status-publish","format-standard","has-post-thumbnail","hentry","category-concert","category-general","category-portada","tag-concert"],"post_mailing_queue_ids":[],"_links":{"self":[{"href":"https:\/\/agora.xtec.cat\/escmusicalaseu\/wp-json\/wp\/v2\/posts\/2913","targetHints":{"allow":["GET"]}}],"collection":[{"href":"https:\/\/agora.xtec.cat\/escmusicalaseu\/wp-json\/wp\/v2\/posts"}],"about":[{"href":"https:\/\/agora.xtec.cat\/escmusicalaseu\/wp-json\/wp\/v2\/types\/post"}],"author":[{"embeddable":true,"href":"https:\/\/agora.xtec.cat\/escmusicalaseu\/wp-json\/wp\/v2\/users\/1"}],"replies":[{"embeddable":true,"href":"https:\/\/agora.xtec.cat\/escmusicalaseu\/wp-json\/wp\/v2\/comments?post=2913"}],"version-history":[{"count":1,"href":"https:\/\/agora.xtec.cat\/escmusicalaseu\/wp-json\/wp\/v2\/posts\/2913\/revisions"}],"predecessor-version":[{"id":2915,"href":"https:\/\/agora.xtec.cat\/escmusicalaseu\/wp-json\/wp\/v2\/posts\/2913\/revisions\/2915"}],"wp:featuredmedia":[{"embeddable":true,"href":"https:\/\/agora.xtec.cat\/escmusicalaseu\/wp-json\/wp\/v2\/media\/2914"}],"wp:attachment":[{"href":"https:\/\/agora.xtec.cat\/escmusicalaseu\/wp-json\/wp\/v2\/media?parent=2913"}],"wp:term":[{"taxonomy":"category","embeddable":true,"href":"https:\/\/agora.xtec.cat\/escmusicalaseu\/wp-json\/wp\/v2\/categories?post=2913"},{"taxonomy":"post_tag","embeddable":true,"href":"https:\/\/agora.xtec.cat\/escmusicalaseu\/wp-json\/wp\/v2\/tags?post=2913"}],"curies":[{"name":"wp","href":"https:\/\/api.w.org\/{rel}","templated":true}]}}