{"id":4503,"date":"2026-04-24T19:01:18","date_gmt":"2026-04-24T17:01:18","guid":{"rendered":"https:\/\/agora.xtec.cat\/escmusicaberga\/?p=4503"},"modified":"2026-04-24T19:02:03","modified_gmt":"2026-04-24T17:02:03","slug":"el-quartet-vivancos-ofereix-aquest-divendres-el-segon-concert-del-cicle-de-musica-de-cambra","status":"publish","type":"post","link":"https:\/\/agora.xtec.cat\/escmusicaberga\/portada\/el-quartet-vivancos-ofereix-aquest-divendres-el-segon-concert-del-cicle-de-musica-de-cambra\/","title":{"rendered":"El Quartet Vivancos ofereix aquest divendres el segon concert del Cicle de M\u00fasica de Cambra"},"content":{"rendered":"\n<p><\/p>\n\n\n\n<p>El Pavell\u00f3 de Su\u00e8cia es convertir\u00e0 aquest divendres a les 20:00 h en l\u2019escenari de la segona proposta del <strong>Cicle de M\u00fasica de Cambra<\/strong>. El <strong>Quartet Vivancos<\/strong>, una de les formacions amb m\u00e9s projecci\u00f3 del panorama actual, oferir\u00e0 un concert que destaca no nom\u00e9s per la qualitat t\u00e8cnica dels seus int\u00e8rprets, sin\u00f3 tamb\u00e9 pel seu fort comprom\u00eds amb la creaci\u00f3 contempor\u00e0nia.<\/p>\n\n\n\n<h3 class=\"wp-block-heading\">Una traject\u00f2ria fulgurant<\/h3>\n\n\n\n<p>Fundat el 2019 a l\u2019ESMUC sota el mestratge del prestigi\u00f3s <strong>Quartet Casals<\/strong>, el Quartet Vivancos ha mantingut una ascensi\u00f3 imparable. Reconeguts amb Matr\u00edcula d\u2019Honor, els seus membres han estat becats per Joventuts Musicals d\u2019Alemanya i han passat per festivals de refer\u00e8ncia com el Grec.<\/p>\n\n\n\n<p>Aquest 2026, la formaci\u00f3 arriba en un moment dol\u00e7: consolidats dins la temporada del <strong>Palau de la M\u00fasica Catalana<\/strong> i amb el seu primer treball discogr\u00e0fic (gravat el 2025) sota el bra\u00e7. A m\u00e9s, la seva faceta com a fundadors i l\u00edders de la Camerata de M\u00fasica Catalana els posiciona com a referents en la defensa de la m\u00fasica de cambra al nostre pa\u00eds.<\/p>\n\n\n\n<h3 class=\"wp-block-heading\">Entrades i acc\u00e9s<\/h3>\n\n\n\n<p>Les entrades per a la segona cita del cicle es poden adquirir de forma anticipada a trav\u00e9s de la plataforma <a target=\"_blank\" rel=\"noreferrer noopener\" href=\"https:\/\/ticketara.com\/esdeveniment\/quartet-vivancos\/6279\">Ticketara<\/a>. Es recomana la compra pr\u00e8via atesa l\u2019expectaci\u00f3 que ha generat la participaci\u00f3 d&#8217;aquesta formaci\u00f3 i l&#8217;estrena de l&#8217;obra de Gual.<\/p>\n\n\n\n<hr class=\"wp-block-separator has-alpha-channel-opacity\"\/>\n\n\n\n<p><strong>Detalls de l&#8217;acte:<\/strong><\/p>\n\n\n\n<ul class=\"wp-block-list\">\n<li><strong>Acte:<\/strong> Segona actuaci\u00f3 del Cicle de M\u00fasica de Cambra.<\/li>\n\n\n\n<li><strong>Lloc:<\/strong> Pavell\u00f3 de Su\u00e8cia.<\/li>\n\n\n\n<li><strong>Data i hora:<\/strong> Divendres 24 d&#8217;abril, 20:00 h.<\/li>\n\n\n\n<li><strong>Entrades:<\/strong> <a href=\"https:\/\/ticketara.com\/esdeveniment\/quartet-vivancos\/6279\" target=\"_blank\" rel=\"noreferrer noopener\">Enlla\u00e7 de compra<\/a><\/li>\n<\/ul>\n\n\n\n<figure class=\"wp-block-image size-large\"><a href=\"https:\/\/agora.xtec.cat\/escmusicaberga\/wp-content\/uploads\/usu1326\/2026\/03\/20260424_QuartetVivancos-1.jpg\"><img loading=\"lazy\" decoding=\"async\" width=\"724\" height=\"1024\" src=\"https:\/\/agora.xtec.cat\/escmusicaberga\/wp-content\/uploads\/usu1326\/2026\/03\/20260424_QuartetVivancos-1-724x1024.jpg\" alt=\"\" class=\"wp-image-4443\" srcset=\"https:\/\/agora.xtec.cat\/escmusicaberga\/wp-content\/uploads\/usu1326\/2026\/03\/20260424_QuartetVivancos-1-724x1024.jpg 724w, https:\/\/agora.xtec.cat\/escmusicaberga\/wp-content\/uploads\/usu1326\/2026\/03\/20260424_QuartetVivancos-1-212x300.jpg 212w, https:\/\/agora.xtec.cat\/escmusicaberga\/wp-content\/uploads\/usu1326\/2026\/03\/20260424_QuartetVivancos-1-768x1086.jpg 768w, https:\/\/agora.xtec.cat\/escmusicaberga\/wp-content\/uploads\/usu1326\/2026\/03\/20260424_QuartetVivancos-1-1086x1536.jpg 1086w, https:\/\/agora.xtec.cat\/escmusicaberga\/wp-content\/uploads\/usu1326\/2026\/03\/20260424_QuartetVivancos-1.jpg 1124w\" sizes=\"auto, (max-width: 724px) 100vw, 724px\" \/><\/a><\/figure>\n\n\n\n<p><\/p>\n","protected":false},"excerpt":{"rendered":"<p>El Pavell\u00f3 de Su\u00e8cia es convertir\u00e0 aquest divendres a les 20:00 h en l\u2019escenari de la segona proposta del Cicle de M\u00fasica de Cambra. El Quartet Vivancos, una de les formacions amb m\u00e9s projecci\u00f3 del panorama actual, oferir\u00e0 un concert que destaca no nom\u00e9s per&hellip;  <a href=\"https:\/\/agora.xtec.cat\/escmusicaberga\/portada\/el-quartet-vivancos-ofereix-aquest-divendres-el-segon-concert-del-cicle-de-musica-de-cambra\/\" title=\"Read El Quartet Vivancos ofereix aquest divendres el segon concert del Cicle de M\u00fasica de Cambra\">Llegeix m\u00e9s\u00bb<\/a><\/p>\n","protected":false},"author":1,"featured_media":4443,"comment_status":"open","ping_status":"open","sticky":false,"template":"","format":"standard","meta":{"_bbp_topic_count":0,"_bbp_reply_count":0,"_bbp_total_topic_count":0,"_bbp_total_reply_count":0,"_bbp_voice_count":0,"_bbp_anonymous_reply_count":0,"_bbp_topic_count_hidden":0,"_bbp_reply_count_hidden":0,"_bbp_forum_subforum_count":0,"footnotes":""},"categories":[121,29],"tags":[],"class_list":["post-4503","post","type-post","status-publish","format-standard","has-post-thumbnail","hentry","category-concerts","category-portada"],"post_mailing_queue_ids":[],"_links":{"self":[{"href":"https:\/\/agora.xtec.cat\/escmusicaberga\/wp-json\/wp\/v2\/posts\/4503","targetHints":{"allow":["GET"]}}],"collection":[{"href":"https:\/\/agora.xtec.cat\/escmusicaberga\/wp-json\/wp\/v2\/posts"}],"about":[{"href":"https:\/\/agora.xtec.cat\/escmusicaberga\/wp-json\/wp\/v2\/types\/post"}],"author":[{"embeddable":true,"href":"https:\/\/agora.xtec.cat\/escmusicaberga\/wp-json\/wp\/v2\/users\/1"}],"replies":[{"embeddable":true,"href":"https:\/\/agora.xtec.cat\/escmusicaberga\/wp-json\/wp\/v2\/comments?post=4503"}],"version-history":[{"count":2,"href":"https:\/\/agora.xtec.cat\/escmusicaberga\/wp-json\/wp\/v2\/posts\/4503\/revisions"}],"predecessor-version":[{"id":4505,"href":"https:\/\/agora.xtec.cat\/escmusicaberga\/wp-json\/wp\/v2\/posts\/4503\/revisions\/4505"}],"wp:featuredmedia":[{"embeddable":true,"href":"https:\/\/agora.xtec.cat\/escmusicaberga\/wp-json\/wp\/v2\/media\/4443"}],"wp:attachment":[{"href":"https:\/\/agora.xtec.cat\/escmusicaberga\/wp-json\/wp\/v2\/media?parent=4503"}],"wp:term":[{"taxonomy":"category","embeddable":true,"href":"https:\/\/agora.xtec.cat\/escmusicaberga\/wp-json\/wp\/v2\/categories?post=4503"},{"taxonomy":"post_tag","embeddable":true,"href":"https:\/\/agora.xtec.cat\/escmusicaberga\/wp-json\/wp\/v2\/tags?post=4503"}],"curies":[{"name":"wp","href":"https:\/\/api.w.org\/{rel}","templated":true}]}}