{"id":4492,"date":"2026-04-14T17:13:03","date_gmt":"2026-04-14T15:13:03","guid":{"rendered":"https:\/\/agora.xtec.cat\/escmusicaberga\/?p=4492"},"modified":"2026-04-14T17:13:03","modified_gmt":"2026-04-14T15:13:03","slug":"setanta-tres-alumnes-de-lescola-de-musica-van-participar-diumenge-al-cantaxics-al-teatre-kursaal","status":"publish","type":"post","link":"https:\/\/agora.xtec.cat\/escmusicaberga\/portada\/setanta-tres-alumnes-de-lescola-de-musica-van-participar-diumenge-al-cantaxics-al-teatre-kursaal\/","title":{"rendered":"Setanta-tres alumnes de l\u2019escola de m\u00fasica van participar diumenge al Cantaxics al Teatre Kursaal"},"content":{"rendered":"\n<p>El passat diumenge, <strong>12 d\u2019abril<\/strong>, el Teatre Kursaal de Manresa va acollir l&#8217;estrena oficial del <strong>Cantaxics 2026<\/strong>, que enguany va presentar l\u2019obra titulada <strong>\u201cL\u2019embolic de les festes\u201d<\/strong>. Entre el conjunt de participants d&#8217;aquesta edici\u00f3, va destacar la pres\u00e8ncia de <strong>73 nens i nenes<\/strong> de l&#8217;escola de m\u00fasica, que es van integrar en una producci\u00f3 de l\u2019Associaci\u00f3 Catalana d\u2019Escoles de M\u00fasica (ACEM) que va assolir xifres r\u00e8cord de participaci\u00f3.<\/p>\n\n\n\n<h3 class=\"wp-block-heading\">Detalls de la producci\u00f3 i l&#8217;espectacle<\/h3>\n\n\n\n<p>L\u2019obra es va basar en una hist\u00f2ria original de l\u2019escriptor <strong>Manel Just\u00edcia<\/strong> i va comptar amb la m\u00fasica de l\u2019<strong>Orquestrina Trama<\/strong>. El fil conductor de l\u2019espectacle es va centrar en personatges de la cultura popular catalana, amb la <strong>Berta Fumera<\/strong> com a protagonista de la trama.<\/p>\n\n\n\n<p>L\u2019organitzaci\u00f3 va programar un total de <strong>tres sessions<\/strong> al llarg de la jornada per poder encabir totes les escoles de m\u00fasica de la Catalunya Central (Zona 6 de l&#8217;ACEM) que van formar part del projecte.<\/p>\n\n\n\n<hr class=\"wp-block-separator has-alpha-channel-opacity\"\/>\n\n\n\n<h3 class=\"wp-block-heading\">Preparaci\u00f3 i traject\u00f2ria<\/h3>\n\n\n\n<p>La posada en escena d&#8217;aquest diumenge va ser el tancament d&#8217;un proc\u00e9s de preparaci\u00f3 t\u00e8cnica i art\u00edstica que va comen\u00e7ar el passat mes de gener. Durant aquests mesos, els 73 alumnes van treballar el repertori i la posada en escena directament a les aules de l&#8217;escola.<\/p>\n","protected":false},"excerpt":{"rendered":"<p>El passat diumenge, 12 d\u2019abril, el Teatre Kursaal de Manresa va acollir l&#8217;estrena oficial del Cantaxics 2026, que enguany va presentar l\u2019obra titulada \u201cL\u2019embolic de les festes\u201d. Entre el conjunt de participants d&#8217;aquesta edici\u00f3, va destacar la pres\u00e8ncia de 73 nens i nenes de l&#8217;escola&hellip;  <a href=\"https:\/\/agora.xtec.cat\/escmusicaberga\/portada\/setanta-tres-alumnes-de-lescola-de-musica-van-participar-diumenge-al-cantaxics-al-teatre-kursaal\/\" title=\"Read Setanta-tres alumnes de l\u2019escola de m\u00fasica van participar diumenge al Cantaxics al Teatre Kursaal\">Llegeix m\u00e9s\u00bb<\/a><\/p>\n","protected":false},"author":1,"featured_media":4493,"comment_status":"open","ping_status":"open","sticky":false,"template":"","format":"standard","meta":{"_bbp_topic_count":0,"_bbp_reply_count":0,"_bbp_total_topic_count":0,"_bbp_total_reply_count":0,"_bbp_voice_count":0,"_bbp_anonymous_reply_count":0,"_bbp_topic_count_hidden":0,"_bbp_reply_count_hidden":0,"_bbp_forum_subforum_count":0,"footnotes":""},"categories":[121,29,164],"tags":[],"class_list":["post-4492","post","type-post","status-publish","format-standard","has-post-thumbnail","hentry","category-concerts","category-portada","category-sensibilitzacio"],"post_mailing_queue_ids":[],"_links":{"self":[{"href":"https:\/\/agora.xtec.cat\/escmusicaberga\/wp-json\/wp\/v2\/posts\/4492","targetHints":{"allow":["GET"]}}],"collection":[{"href":"https:\/\/agora.xtec.cat\/escmusicaberga\/wp-json\/wp\/v2\/posts"}],"about":[{"href":"https:\/\/agora.xtec.cat\/escmusicaberga\/wp-json\/wp\/v2\/types\/post"}],"author":[{"embeddable":true,"href":"https:\/\/agora.xtec.cat\/escmusicaberga\/wp-json\/wp\/v2\/users\/1"}],"replies":[{"embeddable":true,"href":"https:\/\/agora.xtec.cat\/escmusicaberga\/wp-json\/wp\/v2\/comments?post=4492"}],"version-history":[{"count":1,"href":"https:\/\/agora.xtec.cat\/escmusicaberga\/wp-json\/wp\/v2\/posts\/4492\/revisions"}],"predecessor-version":[{"id":4494,"href":"https:\/\/agora.xtec.cat\/escmusicaberga\/wp-json\/wp\/v2\/posts\/4492\/revisions\/4494"}],"wp:featuredmedia":[{"embeddable":true,"href":"https:\/\/agora.xtec.cat\/escmusicaberga\/wp-json\/wp\/v2\/media\/4493"}],"wp:attachment":[{"href":"https:\/\/agora.xtec.cat\/escmusicaberga\/wp-json\/wp\/v2\/media?parent=4492"}],"wp:term":[{"taxonomy":"category","embeddable":true,"href":"https:\/\/agora.xtec.cat\/escmusicaberga\/wp-json\/wp\/v2\/categories?post=4492"},{"taxonomy":"post_tag","embeddable":true,"href":"https:\/\/agora.xtec.cat\/escmusicaberga\/wp-json\/wp\/v2\/tags?post=4492"}],"curies":[{"name":"wp","href":"https:\/\/api.w.org\/{rel}","templated":true}]}}