{"id":4488,"date":"2026-04-13T10:57:31","date_gmt":"2026-04-13T08:57:31","guid":{"rendered":"https:\/\/agora.xtec.cat\/escmusicaberga\/?p=4488"},"modified":"2026-04-24T19:02:47","modified_gmt":"2026-04-24T17:02:47","slug":"lescola-de-musica-de-berga-obre-les-aules-amb-la-iniciativa-porta-un-amic","status":"publish","type":"post","link":"https:\/\/agora.xtec.cat\/escmusicaberga\/portada\/lescola-de-musica-de-berga-obre-les-aules-amb-la-iniciativa-porta-un-amic\/","title":{"rendered":"L&#8217;Escola de M\u00fasica de Berga obre les aules amb la iniciativa &#8220;Porta un amic&#8221;"},"content":{"rendered":"\n<p><strong>L&#8217;Escola convida l\u2019alumnat de nivell b\u00e0sic a compartir la seva passi\u00f3 per l&#8217;instrument amb els seus companys i companyes durant la setmana del 20 al 25 d\u2019abril.<\/strong><\/p>\n\n\n\n<p>La m\u00fasica \u00e9s, per definici\u00f3, un art compartit. Amb aquesta premissa, l\u2019Escola de M\u00fasica de Berga ha llan\u00e7at una nova edici\u00f3 de l&#8217;activitat <strong>&#8220;Porta un amic o amiga&#8221;<\/strong>, una iniciativa que permetr\u00e0 que les aules d&#8217;instrument s&#8217;omplin de noves cares durant la setmana del <strong>20 al 25 d&#8217;abril<\/strong>.<\/p>\n\n\n\n<p>L\u2019activitat s\u2019adre\u00e7a especialment als alumnes d&#8217;entre <strong>2n i 6\u00e8 de nivell b\u00e0sic<\/strong>. Durant aquests dies, cada estudiant t\u00e9 l\u2019oportunitat de convidar un company o companya de l\u2019escola, un cos\u00ed o un amic a assistir a la seva classe habitual d&#8217;instrument. L&#8217;objectiu \u00e9s doble: d&#8217;una banda, fer difusi\u00f3 de l\u2019oferta educativa del centre i, de l&#8217;altra, que l\u2019entorn proper dels joves m\u00fasics pugui con\u00e8ixer i valorar de primera m\u00e0 l\u2019esfor\u00e7 i la il\u00b7lusi\u00f3 que hi ha darrere de l&#8217;aprenentatge d&#8217;un instrument.<\/p>\n\n\n\n<h3 class=\"wp-block-heading\">Targetes d&#8217;invitaci\u00f3 a les aules<\/h3>\n\n\n\n<p>Per participar-hi, els professors i professores de l&#8217;escola ja han comen\u00e7at a repartir unes <strong>targetes d&#8217;invitaci\u00f3 personalitzades<\/strong> que els alumnes lliuraran als seus convidats. Amb aquesta &#8220;entrada&#8221; a la m\u00e0, els amics i amigues podran entrar a l&#8217;aula, observar com funciona una classe i, fins i tot, resoldre dubtes amb el professorat sobre el funcionament del centre.<\/p>\n\n\n\n<h3 class=\"wp-block-heading\">Una eina de promoci\u00f3 i orgull<\/h3>\n\n\n\n<p><\/p>\n\n\n\n<p>La campanya es complementa amb diversos <strong>materials de promoci\u00f3<\/strong> que les fam\u00edlies ja poden consultar a trav\u00e9s dels canals digitals de l&#8217;escola. Amb aquesta iniciativa, l&#8217;Escola de M\u00fasica de Berga continua apostant per un model pedag\u00f2gic obert a la ciutat i transparent, on la m\u00fasica surt de l&#8217;aula per contagiar tothom.<\/p>\n\n\n\n<figure class=\"wp-block-image size-large\"><a href=\"https:\/\/agora.xtec.cat\/escmusicaberga\/wp-content\/uploads\/usu1326\/2026\/04\/EMMB-Porta1amic_amiga-2026.1.jpeg\"><img loading=\"lazy\" decoding=\"async\" width=\"724\" height=\"1024\" src=\"https:\/\/agora.xtec.cat\/escmusicaberga\/wp-content\/uploads\/usu1326\/2026\/04\/EMMB-Porta1amic_amiga-2026.1-724x1024.jpeg\" alt=\"\" class=\"wp-image-4489\" srcset=\"https:\/\/agora.xtec.cat\/escmusicaberga\/wp-content\/uploads\/usu1326\/2026\/04\/EMMB-Porta1amic_amiga-2026.1-724x1024.jpeg 724w, https:\/\/agora.xtec.cat\/escmusicaberga\/wp-content\/uploads\/usu1326\/2026\/04\/EMMB-Porta1amic_amiga-2026.1-212x300.jpeg 212w, https:\/\/agora.xtec.cat\/escmusicaberga\/wp-content\/uploads\/usu1326\/2026\/04\/EMMB-Porta1amic_amiga-2026.1-768x1086.jpeg 768w, https:\/\/agora.xtec.cat\/escmusicaberga\/wp-content\/uploads\/usu1326\/2026\/04\/EMMB-Porta1amic_amiga-2026.1-1086x1536.jpeg 1086w, https:\/\/agora.xtec.cat\/escmusicaberga\/wp-content\/uploads\/usu1326\/2026\/04\/EMMB-Porta1amic_amiga-2026.1-1448x2048.jpeg 1448w, https:\/\/agora.xtec.cat\/escmusicaberga\/wp-content\/uploads\/usu1326\/2026\/04\/EMMB-Porta1amic_amiga-2026.1.jpeg 1684w\" sizes=\"auto, (max-width: 724px) 100vw, 724px\" \/><\/a><\/figure>\n","protected":false},"excerpt":{"rendered":"<p>L&#8217;Escola convida l\u2019alumnat de nivell b\u00e0sic a compartir la seva passi\u00f3 per l&#8217;instrument amb els seus companys i companyes durant la setmana del 20 al 25 d\u2019abril.<\/p>\n<p>La m\u00fasica \u00e9s, per definici\u00f3, un art compartit. Amb aquesta premissa, l\u2019Escola de M\u00fasica de Berga ha llan\u00e7at una&hellip;  <a href=\"https:\/\/agora.xtec.cat\/escmusicaberga\/portada\/lescola-de-musica-de-berga-obre-les-aules-amb-la-iniciativa-porta-un-amic\/\" title=\"Read L&#8217;Escola de M\u00fasica de Berga obre les aules amb la iniciativa &#8220;Porta un amic&#8221;\">Llegeix m\u00e9s\u00bb<\/a><\/p>\n","protected":false},"author":1,"featured_media":4489,"comment_status":"open","ping_status":"open","sticky":false,"template":"","format":"standard","meta":{"_bbp_topic_count":0,"_bbp_reply_count":0,"_bbp_total_topic_count":0,"_bbp_total_reply_count":0,"_bbp_voice_count":0,"_bbp_anonymous_reply_count":0,"_bbp_topic_count_hidden":0,"_bbp_reply_count_hidden":0,"_bbp_forum_subforum_count":0,"footnotes":""},"categories":[155,29,194],"tags":[],"class_list":["post-4488","post","type-post","status-publish","format-standard","has-post-thumbnail","hentry","category-calendari-academic","category-portada","category-preinscripcions"],"post_mailing_queue_ids":[],"_links":{"self":[{"href":"https:\/\/agora.xtec.cat\/escmusicaberga\/wp-json\/wp\/v2\/posts\/4488","targetHints":{"allow":["GET"]}}],"collection":[{"href":"https:\/\/agora.xtec.cat\/escmusicaberga\/wp-json\/wp\/v2\/posts"}],"about":[{"href":"https:\/\/agora.xtec.cat\/escmusicaberga\/wp-json\/wp\/v2\/types\/post"}],"author":[{"embeddable":true,"href":"https:\/\/agora.xtec.cat\/escmusicaberga\/wp-json\/wp\/v2\/users\/1"}],"replies":[{"embeddable":true,"href":"https:\/\/agora.xtec.cat\/escmusicaberga\/wp-json\/wp\/v2\/comments?post=4488"}],"version-history":[{"count":1,"href":"https:\/\/agora.xtec.cat\/escmusicaberga\/wp-json\/wp\/v2\/posts\/4488\/revisions"}],"predecessor-version":[{"id":4490,"href":"https:\/\/agora.xtec.cat\/escmusicaberga\/wp-json\/wp\/v2\/posts\/4488\/revisions\/4490"}],"wp:featuredmedia":[{"embeddable":true,"href":"https:\/\/agora.xtec.cat\/escmusicaberga\/wp-json\/wp\/v2\/media\/4489"}],"wp:attachment":[{"href":"https:\/\/agora.xtec.cat\/escmusicaberga\/wp-json\/wp\/v2\/media?parent=4488"}],"wp:term":[{"taxonomy":"category","embeddable":true,"href":"https:\/\/agora.xtec.cat\/escmusicaberga\/wp-json\/wp\/v2\/categories?post=4488"},{"taxonomy":"post_tag","embeddable":true,"href":"https:\/\/agora.xtec.cat\/escmusicaberga\/wp-json\/wp\/v2\/tags?post=4488"}],"curies":[{"name":"wp","href":"https:\/\/api.w.org\/{rel}","templated":true}]}}