{"id":4483,"date":"2026-04-10T12:48:31","date_gmt":"2026-04-10T10:48:31","guid":{"rendered":"https:\/\/agora.xtec.cat\/escmusicaberga\/?p=4483"},"modified":"2026-04-10T12:51:25","modified_gmt":"2026-04-10T10:51:25","slug":"lescola-de-musica-de-berga-organitza-un-taller-de-percussio-corporal-amb-santi-serratosa","status":"publish","type":"post","link":"https:\/\/agora.xtec.cat\/escmusicaberga\/portada\/lescola-de-musica-de-berga-organitza-un-taller-de-percussio-corporal-amb-santi-serratosa\/","title":{"rendered":"Taller de percussi\u00f3 corporal amb Santi Serratosa"},"content":{"rendered":"\n<p>L\u2019\u00e0rea de piano de l\u2019<strong>Escola Municipal de M\u00fasica de Berga (EMMB)<\/strong> ha programat per a aquest divendres una sessi\u00f3 formativa centrada en la percussi\u00f3 corporal. L&#8217;activitat tindr\u00e0 lloc a les <strong>17:30 hores a la Sala Casino<\/strong> i ser\u00e0 impartida pel m\u00fasic i pedagog <strong>Santi Serratosa<\/strong>.<\/p>\n\n\n\n<p>L\u2019objectiu de la proposta \u00e9s treballar el ritme i la coordinaci\u00f3 motriu a trav\u00e9s del propi cos, ent\u00e8s com un instrument musical complet. Aquesta disciplina permet als alumnes de m\u00fasica aprofundir en la viv\u00e8ncia del pols i les estructures r\u00edtmiques sense la mediaci\u00f3 del seu instrument habitual, en aquest cas el piano.<\/p>\n\n\n\n<hr class=\"wp-block-separator has-alpha-channel-opacity\"\/>\n\n\n\n<h3 class=\"wp-block-heading\">Perfil del ponent<\/h3>\n\n\n\n<p id=\"p-rc_c7a0248ad8f02d3a-19\">Santi Serratosa es va graduar en m\u00fasica a l\u2019Aula de M\u00fasica Moderna del Conservatori del Liceu l\u2019any 1999. Dos anys m\u00e9s tard va continuar els seus estudis superiors de bateria al Drummers Collective de Nova Y<sup><\/sup>ork. Despr\u00e9s d\u2019una etapa de formaci\u00f3 amb diferents professors de bateria, recerca personal i altres estudis musicals, l\u2019<sup><\/sup>any 2011 va obtenir el t\u00edtol de M\u00e0ster de Musicoter\u00e0pia per la UPF i, posteriorment, l&#8217;any 2019, va completar la formaci\u00f3 en Pedagogia Sist\u00e8mica per l\u2019Institut Gestalt de Barcelona. Paral\u00b7lelament a la seva formaci\u00f3 com a musicoterapeuta, es va especialitzar en percussi\u00f3 corporal amb professors com Anna Llombart i St\u00e9phane Grosjean, i ha assistit a workshops i cursos de referents internacionals com Keith Terry, Fernando Barba, Jep Mel\u00e9ndez, N\u00faria L\u00f3pez, Shaman Lebrun i Ido Shtadler.<\/p>\n\n\n\n<figure class=\"wp-block-image size-large\"><a href=\"https:\/\/agora.xtec.cat\/escmusicaberga\/wp-content\/uploads\/usu1326\/2026\/04\/2026_04_10-taller-PercussioCorporal.1.jpeg\"><img loading=\"lazy\" decoding=\"async\" width=\"724\" height=\"1024\" src=\"https:\/\/agora.xtec.cat\/escmusicaberga\/wp-content\/uploads\/usu1326\/2026\/04\/2026_04_10-taller-PercussioCorporal.1-724x1024.jpeg\" alt=\"\" class=\"wp-image-4477\" srcset=\"https:\/\/agora.xtec.cat\/escmusicaberga\/wp-content\/uploads\/usu1326\/2026\/04\/2026_04_10-taller-PercussioCorporal.1-724x1024.jpeg 724w, https:\/\/agora.xtec.cat\/escmusicaberga\/wp-content\/uploads\/usu1326\/2026\/04\/2026_04_10-taller-PercussioCorporal.1-212x300.jpeg 212w, https:\/\/agora.xtec.cat\/escmusicaberga\/wp-content\/uploads\/usu1326\/2026\/04\/2026_04_10-taller-PercussioCorporal.1-768x1086.jpeg 768w, https:\/\/agora.xtec.cat\/escmusicaberga\/wp-content\/uploads\/usu1326\/2026\/04\/2026_04_10-taller-PercussioCorporal.1-1086x1536.jpeg 1086w, https:\/\/agora.xtec.cat\/escmusicaberga\/wp-content\/uploads\/usu1326\/2026\/04\/2026_04_10-taller-PercussioCorporal.1-1448x2048.jpeg 1448w, https:\/\/agora.xtec.cat\/escmusicaberga\/wp-content\/uploads\/usu1326\/2026\/04\/2026_04_10-taller-PercussioCorporal.1.jpeg 1684w\" sizes=\"auto, (max-width: 724px) 100vw, 724px\" \/><\/a><\/figure>\n","protected":false},"excerpt":{"rendered":"<p>L\u2019\u00e0rea de piano de l\u2019Escola Municipal de M\u00fasica de Berga (EMMB) ha programat per a aquest divendres una sessi\u00f3 formativa centrada en la percussi\u00f3 corporal. L&#8217;activitat tindr\u00e0 lloc a les 17:30 hores a la Sala Casino i ser\u00e0 impartida pel m\u00fasic i pedagog Santi Serratosa.<\/p>\n<p>L\u2019objectiu&hellip;  <a href=\"https:\/\/agora.xtec.cat\/escmusicaberga\/portada\/lescola-de-musica-de-berga-organitza-un-taller-de-percussio-corporal-amb-santi-serratosa\/\" title=\"Read Taller de percussi\u00f3 corporal amb Santi Serratosa\">Llegeix m\u00e9s\u00bb<\/a><\/p>\n","protected":false},"author":1,"featured_media":4486,"comment_status":"open","ping_status":"open","sticky":false,"template":"","format":"standard","meta":{"_bbp_topic_count":0,"_bbp_reply_count":0,"_bbp_total_topic_count":0,"_bbp_total_reply_count":0,"_bbp_voice_count":0,"_bbp_anonymous_reply_count":0,"_bbp_topic_count_hidden":0,"_bbp_reply_count_hidden":0,"_bbp_forum_subforum_count":0,"footnotes":""},"categories":[180,141,142,29],"tags":[],"class_list":["post-4483","post","type-post","status-publish","format-standard","has-post-thumbnail","hentry","category-classes-magistrals","category-instrument","category-piano","category-portada"],"post_mailing_queue_ids":[],"_links":{"self":[{"href":"https:\/\/agora.xtec.cat\/escmusicaberga\/wp-json\/wp\/v2\/posts\/4483","targetHints":{"allow":["GET"]}}],"collection":[{"href":"https:\/\/agora.xtec.cat\/escmusicaberga\/wp-json\/wp\/v2\/posts"}],"about":[{"href":"https:\/\/agora.xtec.cat\/escmusicaberga\/wp-json\/wp\/v2\/types\/post"}],"author":[{"embeddable":true,"href":"https:\/\/agora.xtec.cat\/escmusicaberga\/wp-json\/wp\/v2\/users\/1"}],"replies":[{"embeddable":true,"href":"https:\/\/agora.xtec.cat\/escmusicaberga\/wp-json\/wp\/v2\/comments?post=4483"}],"version-history":[{"count":2,"href":"https:\/\/agora.xtec.cat\/escmusicaberga\/wp-json\/wp\/v2\/posts\/4483\/revisions"}],"predecessor-version":[{"id":4487,"href":"https:\/\/agora.xtec.cat\/escmusicaberga\/wp-json\/wp\/v2\/posts\/4483\/revisions\/4487"}],"wp:featuredmedia":[{"embeddable":true,"href":"https:\/\/agora.xtec.cat\/escmusicaberga\/wp-json\/wp\/v2\/media\/4486"}],"wp:attachment":[{"href":"https:\/\/agora.xtec.cat\/escmusicaberga\/wp-json\/wp\/v2\/media?parent=4483"}],"wp:term":[{"taxonomy":"category","embeddable":true,"href":"https:\/\/agora.xtec.cat\/escmusicaberga\/wp-json\/wp\/v2\/categories?post=4483"},{"taxonomy":"post_tag","embeddable":true,"href":"https:\/\/agora.xtec.cat\/escmusicaberga\/wp-json\/wp\/v2\/tags?post=4483"}],"curies":[{"name":"wp","href":"https:\/\/api.w.org\/{rel}","templated":true}]}}