{"id":4479,"date":"2026-04-07T16:37:56","date_gmt":"2026-04-07T14:37:56","guid":{"rendered":"https:\/\/agora.xtec.cat\/escmusicaberga\/?p=4479"},"modified":"2026-04-07T16:41:42","modified_gmt":"2026-04-07T14:41:42","slug":"lalumnat-de-lescola-explora-nous-horitzons-amb-un-taller-de-corda-moderna-a-carrec-de-queralt-giralt","status":"publish","type":"post","link":"https:\/\/agora.xtec.cat\/escmusicaberga\/portada\/lalumnat-de-lescola-explora-nous-horitzons-amb-un-taller-de-corda-moderna-a-carrec-de-queralt-giralt\/","title":{"rendered":"L&#8217;alumnat de l\u2019escola explora nous horitzons amb un taller de corda moderna a c\u00e0rrec de Queralt Giralt"},"content":{"rendered":"\n<p>Aquest dimarts, a partir de les <strong>19:15 h<\/strong>, l\u2019alumnat de l\u2019orquestra de l\u2019escola participar\u00e0 en un taller de corda moderna conduit per <strong>Queralt Giralt Soler<\/strong>. La sessi\u00f3 se centrar\u00e0 en el treball d&#8217;aquesta violoncel\u00b7lista, cantant, compositora i educadora musical.<\/p>\n\n\n\n<h3 class=\"wp-block-heading\"><strong>Traject\u00f2ria acad\u00e8mica i professional<\/strong><\/h3>\n\n\n\n<p>Queralt Giralt \u00e9s graduada a l\u2019<strong>ESMUC<\/strong> (Escola Superior de M\u00fasica de Catalunya), on va obtenir la qualificaci\u00f3 de matr\u00edcula d\u2019honor pel seu treball final de grau \u201cAprenentatge musical i expressivitat art\u00edstica\u201d. Posteriorment, va continuar els seus estudis a la <strong>Berklee College of Music<\/strong> de Boston, on ha rebut la <em>Berklee World Tour Scholarship<\/em> i el <em>Berklee String Department Award 2025<\/em>.<\/p>\n\n\n\n<p>Durant la seva estada a Berklee, es va incorporar a l\u2019<em>Institute of Jazz and Gender Justice<\/em> i ha rebut mentoratge d&#8217;artistes com Linda May Han Oh, Kris Davis, Eugene Friesen i Jeremy Harman.<\/p>\n\n\n\n<h3 class=\"wp-block-heading\"><strong>Projectes i col\u00b7laboracions<\/strong><\/h3>\n\n\n\n<p>La seva activitat musical es desenvolupa entre els Estats Units i Catalunya a trav\u00e9s de diversos projectes:<\/p>\n\n\n\n<ul class=\"wp-block-list\">\n<li><strong>Projectes propis:<\/strong> Shows a solo i amb banda, el quartet de corda moderna <em>Clarity String Quartet<\/em> i el <em>Zambra Collective<\/em>.<\/li>\n\n\n\n<li><strong>Col\u00b7laboracions interdisciplin\u00e0ries:<\/strong> Composici\u00f3 i producci\u00f3 musical per a la instal\u00b7laci\u00f3 \u201cEchoes of Green Street\u201d.<\/li>\n\n\n\n<li><strong>Col\u00b7laboracions amb artistes:<\/strong> Ha treballat amb Kenny Barron, Jacques Morelenbaum, Joe Lovano, Darol Anger i Las Migas.<\/li>\n<\/ul>\n\n\n\n<p>L&#8217;experi\u00e8ncia professional de Giralt inclou actuacions en espais com el <strong>Carnegie Hall<\/strong> i el <strong>Detroit Jazz Festival<\/strong>, aix\u00ed com en diversos festivals d\u2019Europa i els Estats Units, on fusiona les seves influ\u00e8ncies cl\u00e0ssiques, jazz\u00edstiques, folkl\u00f2riques i de m\u00fasica contempor\u00e0nia.<\/p>\n\n\n\n<figure class=\"wp-block-image size-large\"><a href=\"https:\/\/agora.xtec.cat\/escmusicaberga\/wp-content\/uploads\/usu1326\/2026\/04\/2026_04_07-taller-corda-moderna.1.jpeg\"><img loading=\"lazy\" decoding=\"async\" width=\"724\" height=\"1024\" src=\"https:\/\/agora.xtec.cat\/escmusicaberga\/wp-content\/uploads\/usu1326\/2026\/04\/2026_04_07-taller-corda-moderna.1-724x1024.jpeg\" alt=\"\" class=\"wp-image-4476\" srcset=\"https:\/\/agora.xtec.cat\/escmusicaberga\/wp-content\/uploads\/usu1326\/2026\/04\/2026_04_07-taller-corda-moderna.1-724x1024.jpeg 724w, https:\/\/agora.xtec.cat\/escmusicaberga\/wp-content\/uploads\/usu1326\/2026\/04\/2026_04_07-taller-corda-moderna.1-212x300.jpeg 212w, https:\/\/agora.xtec.cat\/escmusicaberga\/wp-content\/uploads\/usu1326\/2026\/04\/2026_04_07-taller-corda-moderna.1-768x1086.jpeg 768w, https:\/\/agora.xtec.cat\/escmusicaberga\/wp-content\/uploads\/usu1326\/2026\/04\/2026_04_07-taller-corda-moderna.1-1086x1536.jpeg 1086w, https:\/\/agora.xtec.cat\/escmusicaberga\/wp-content\/uploads\/usu1326\/2026\/04\/2026_04_07-taller-corda-moderna.1-1448x2048.jpeg 1448w, https:\/\/agora.xtec.cat\/escmusicaberga\/wp-content\/uploads\/usu1326\/2026\/04\/2026_04_07-taller-corda-moderna.1.jpeg 1684w\" sizes=\"auto, (max-width: 724px) 100vw, 724px\" \/><\/a><\/figure>\n","protected":false},"excerpt":{"rendered":"<p>Aquest dimarts, a partir de les 19:15 h, l\u2019alumnat de l\u2019orquestra de l\u2019escola participar\u00e0 en un taller de corda moderna conduit per Queralt Giralt Soler. La sessi\u00f3 se centrar\u00e0 en el treball d&#8217;aquesta violoncel\u00b7lista, cantant, compositora i educadora musical.<\/p>\n<p>Traject\u00f2ria acad\u00e8mica i professional<\/p>\n<p>Queralt Giralt \u00e9s graduada&hellip;  <a href=\"https:\/\/agora.xtec.cat\/escmusicaberga\/portada\/lalumnat-de-lescola-explora-nous-horitzons-amb-un-taller-de-corda-moderna-a-carrec-de-queralt-giralt\/\" title=\"Read L&#8217;alumnat de l\u2019escola explora nous horitzons amb un taller de corda moderna a c\u00e0rrec de Queralt Giralt\">Llegeix m\u00e9s\u00bb<\/a><\/p>\n","protected":false},"author":1,"featured_media":4482,"comment_status":"open","ping_status":"open","sticky":false,"template":"","format":"standard","meta":{"_bbp_topic_count":0,"_bbp_reply_count":0,"_bbp_total_topic_count":0,"_bbp_total_reply_count":0,"_bbp_voice_count":0,"_bbp_anonymous_reply_count":0,"_bbp_topic_count_hidden":0,"_bbp_reply_count_hidden":0,"_bbp_forum_subforum_count":0,"footnotes":""},"categories":[180,122,188,29],"tags":[],"class_list":["post-4479","post","type-post","status-publish","format-standard","has-post-thumbnail","hentry","category-classes-magistrals","category-formacions","category-orqestra","category-portada"],"post_mailing_queue_ids":[],"_links":{"self":[{"href":"https:\/\/agora.xtec.cat\/escmusicaberga\/wp-json\/wp\/v2\/posts\/4479","targetHints":{"allow":["GET"]}}],"collection":[{"href":"https:\/\/agora.xtec.cat\/escmusicaberga\/wp-json\/wp\/v2\/posts"}],"about":[{"href":"https:\/\/agora.xtec.cat\/escmusicaberga\/wp-json\/wp\/v2\/types\/post"}],"author":[{"embeddable":true,"href":"https:\/\/agora.xtec.cat\/escmusicaberga\/wp-json\/wp\/v2\/users\/1"}],"replies":[{"embeddable":true,"href":"https:\/\/agora.xtec.cat\/escmusicaberga\/wp-json\/wp\/v2\/comments?post=4479"}],"version-history":[{"count":1,"href":"https:\/\/agora.xtec.cat\/escmusicaberga\/wp-json\/wp\/v2\/posts\/4479\/revisions"}],"predecessor-version":[{"id":4481,"href":"https:\/\/agora.xtec.cat\/escmusicaberga\/wp-json\/wp\/v2\/posts\/4479\/revisions\/4481"}],"wp:featuredmedia":[{"embeddable":true,"href":"https:\/\/agora.xtec.cat\/escmusicaberga\/wp-json\/wp\/v2\/media\/4482"}],"wp:attachment":[{"href":"https:\/\/agora.xtec.cat\/escmusicaberga\/wp-json\/wp\/v2\/media?parent=4479"}],"wp:term":[{"taxonomy":"category","embeddable":true,"href":"https:\/\/agora.xtec.cat\/escmusicaberga\/wp-json\/wp\/v2\/categories?post=4479"},{"taxonomy":"post_tag","embeddable":true,"href":"https:\/\/agora.xtec.cat\/escmusicaberga\/wp-json\/wp\/v2\/tags?post=4479"}],"curies":[{"name":"wp","href":"https:\/\/api.w.org\/{rel}","templated":true}]}}