{"id":800,"date":"2018-02-07T11:46:04","date_gmt":"2018-02-07T10:46:04","guid":{"rendered":"http:\/\/agora.xtec.cat\/escmus-santpedor\/?p=800"},"modified":"2018-02-08T19:24:29","modified_gmt":"2018-02-08T18:24:29","slug":"concert-nadalenc-a-la-residencia-davis","status":"publish","type":"post","link":"https:\/\/agora.xtec.cat\/escmus-santpedor\/general\/concert-nadalenc-a-la-residencia-davis\/","title":{"rendered":"Concert nadalenc a la Resid\u00e8ncia d&#8217;avis"},"content":{"rendered":"<p>Un any m\u00e9s els conjunts instrumentals de l&#8217;escola van oferir un concert a la Resid\u00e8ncia d&#8217;avis de Cal Jorba.<\/p>\n<p>Aquest concert es va dur a terme el dissabte 16 de desembre a les 17&#8217;00 h. enmig d&#8217;un entorn molt familiar.<\/p>\n<p>Hi van participar els tres conjunts de l&#8217;escola. Els dos de nivell elemental i el conjunt de nivell mitj\u00e0 i van tocar cadascun tres peces.<\/p>\n<p>Us deixem l&#8217;enlla\u00e7 directe a les fotos que tenim dels tres grups.<\/p>\n<p><a href=\"https:\/\/drive.google.com\/open?id=1FJD9fIhbKG0CNGWms6_BlO31qxAdic_G\">Concert Nadal Resid\u00e8ncia<\/a><\/p>\n","protected":false},"excerpt":{"rendered":"<p>Un any m\u00e9s els conjunts instrumentals de l&#8217;escola van oferir un concert a la Resid\u00e8ncia d&#8217;avis de Cal Jorba.<br \/>\nAquest concert es va dur a terme el dissabte 16 de desembre a les 17&#8217;00 h. enmig d&#8217;un entorn molt familiar.<br \/>\nHi van participar els tres conjunts de&hellip;  <a href=\"https:\/\/agora.xtec.cat\/escmus-santpedor\/general\/concert-nadalenc-a-la-residencia-davis\/\" title=\"Read Concert nadalenc a la Resid\u00e8ncia d&#8217;avis\">Llegeix m\u00e9s\u00bb<\/a><\/p>\n","protected":false},"author":1,"featured_media":0,"comment_status":"open","ping_status":"closed","sticky":false,"template":"","format":"standard","meta":{"_bbp_topic_count":0,"_bbp_reply_count":0,"_bbp_total_topic_count":0,"_bbp_total_reply_count":0,"_bbp_voice_count":0,"_bbp_anonymous_reply_count":0,"_bbp_topic_count_hidden":0,"_bbp_reply_count_hidden":0,"_bbp_forum_subforum_count":0,"footnotes":""},"categories":[2,1,4],"tags":[31,60,63],"class_list":["post-800","post","type-post","status-publish","format-standard","hentry","category-formacions","category-general","category-portada","tag-concerts","tag-conjunt-instrumental","tag-noticies"],"post_mailing_queue_ids":[],"_links":{"self":[{"href":"https:\/\/agora.xtec.cat\/escmus-santpedor\/wp-json\/wp\/v2\/posts\/800","targetHints":{"allow":["GET"]}}],"collection":[{"href":"https:\/\/agora.xtec.cat\/escmus-santpedor\/wp-json\/wp\/v2\/posts"}],"about":[{"href":"https:\/\/agora.xtec.cat\/escmus-santpedor\/wp-json\/wp\/v2\/types\/post"}],"author":[{"embeddable":true,"href":"https:\/\/agora.xtec.cat\/escmus-santpedor\/wp-json\/wp\/v2\/users\/1"}],"replies":[{"embeddable":true,"href":"https:\/\/agora.xtec.cat\/escmus-santpedor\/wp-json\/wp\/v2\/comments?post=800"}],"version-history":[{"count":2,"href":"https:\/\/agora.xtec.cat\/escmus-santpedor\/wp-json\/wp\/v2\/posts\/800\/revisions"}],"predecessor-version":[{"id":817,"href":"https:\/\/agora.xtec.cat\/escmus-santpedor\/wp-json\/wp\/v2\/posts\/800\/revisions\/817"}],"wp:attachment":[{"href":"https:\/\/agora.xtec.cat\/escmus-santpedor\/wp-json\/wp\/v2\/media?parent=800"}],"wp:term":[{"taxonomy":"category","embeddable":true,"href":"https:\/\/agora.xtec.cat\/escmus-santpedor\/wp-json\/wp\/v2\/categories?post=800"},{"taxonomy":"post_tag","embeddable":true,"href":"https:\/\/agora.xtec.cat\/escmus-santpedor\/wp-json\/wp\/v2\/tags?post=800"}],"curies":[{"name":"wp","href":"https:\/\/api.w.org\/{rel}","templated":true}]}}