{"id":798,"date":"2018-01-31T18:54:04","date_gmt":"2018-01-31T17:54:04","guid":{"rendered":"http:\/\/agora.xtec.cat\/escmus-santpedor\/?p=798"},"modified":"2018-02-14T10:36:20","modified_gmt":"2018-02-14T09:36:20","slug":"els-petits-de-lescola-ens-fan-gaudir","status":"publish","type":"post","link":"https:\/\/agora.xtec.cat\/escmus-santpedor\/general\/els-petits-de-lescola-ens-fan-gaudir\/","title":{"rendered":"Els petits de l&#8217;Escola ens fan gaudir"},"content":{"rendered":"<p>Els m\u00e9s petits de l&#8217;Escola, ens fan gaudir un any m\u00e9s,pels voltants de Nadal, amb les seves can\u00e7ons.<\/p>\n<p>Aquest any ens han ofert tot un repertori de can\u00e7ons de Nadal i els alumnes adults de l&#8217;aula de llenguatge ens han llegit uns poemes nadalencs entre can\u00e7\u00f3 i can\u00e7\u00f3.<\/p>\n<p>Aquest concert va ser un concert solidari amb la Matinal Solid\u00e0ria que es va celebrar el passat diumenge 26 de novembre.<\/p>\n<p>Es va col\u00b7locar una urna a l&#8217;entrada de l&#8217;auditori per recaptar diners, els quals van ser entregats a l&#8217;AMPA de l&#8217;Escola Riu d&#8217;Or que \u00e9s l&#8217;organitzadora d&#8217;aquest acte.<\/p>\n<p>Clicant a l&#8217;enlla\u00e7 podreu veure el programa en el qual hi ha les can\u00e7ons que van cantar, i els dibuixos nadalencs dels alumnes que ens han ajudat a fer el programa m\u00e9s bonic.<\/p>\n<p><a href=\"https:\/\/drive.google.com\/open?id=1j5ile5pNqGrqqwvx-RcfdIO2fqy2qaW7\">Programa Concert de Nadal<\/a><\/p>\n<p>Tamb\u00e9 us deixem l&#8217;enlla\u00e7 directe a les fotos que se&#8217;ls ha fet.<\/p>\n<p><a href=\"https:\/\/drive.google.com\/open?id=1ocqhTzhoWIB-O6hKuMHlfyJMCL-YKMrf\">Fotos Concert Nadal Petits<\/a><\/p>\n","protected":false},"excerpt":{"rendered":"<p>Els m\u00e9s petits de l&#8217;Escola, ens fan gaudir un any m\u00e9s,pels voltants de Nadal, amb les seves can\u00e7ons.<br \/>\nAquest any ens han ofert tot un repertori de can\u00e7ons de Nadal i els alumnes adults de l&#8217;aula de llenguatge ens han llegit uns poemes nadalencs entre can\u00e7\u00f3&hellip;  <a href=\"https:\/\/agora.xtec.cat\/escmus-santpedor\/general\/els-petits-de-lescola-ens-fan-gaudir\/\" title=\"Read Els petits de l&#8217;Escola ens fan gaudir\">Llegeix m\u00e9s\u00bb<\/a><\/p>\n","protected":false},"author":1,"featured_media":0,"comment_status":"open","ping_status":"closed","sticky":false,"template":"","format":"standard","meta":{"_bbp_topic_count":0,"_bbp_reply_count":0,"_bbp_total_topic_count":0,"_bbp_total_reply_count":0,"_bbp_voice_count":0,"_bbp_anonymous_reply_count":0,"_bbp_topic_count_hidden":0,"_bbp_reply_count_hidden":0,"_bbp_forum_subforum_count":0,"footnotes":""},"categories":[1,25,4],"tags":[31,59,63,58],"class_list":["post-798","post","type-post","status-publish","format-standard","hentry","category-general","category-llenguatge-musical","category-portada","tag-concerts","tag-iniciacio","tag-noticies","tag-sensibilitzacio"],"post_mailing_queue_ids":[],"_links":{"self":[{"href":"https:\/\/agora.xtec.cat\/escmus-santpedor\/wp-json\/wp\/v2\/posts\/798","targetHints":{"allow":["GET"]}}],"collection":[{"href":"https:\/\/agora.xtec.cat\/escmus-santpedor\/wp-json\/wp\/v2\/posts"}],"about":[{"href":"https:\/\/agora.xtec.cat\/escmus-santpedor\/wp-json\/wp\/v2\/types\/post"}],"author":[{"embeddable":true,"href":"https:\/\/agora.xtec.cat\/escmus-santpedor\/wp-json\/wp\/v2\/users\/1"}],"replies":[{"embeddable":true,"href":"https:\/\/agora.xtec.cat\/escmus-santpedor\/wp-json\/wp\/v2\/comments?post=798"}],"version-history":[{"count":3,"href":"https:\/\/agora.xtec.cat\/escmus-santpedor\/wp-json\/wp\/v2\/posts\/798\/revisions"}],"predecessor-version":[{"id":837,"href":"https:\/\/agora.xtec.cat\/escmus-santpedor\/wp-json\/wp\/v2\/posts\/798\/revisions\/837"}],"wp:attachment":[{"href":"https:\/\/agora.xtec.cat\/escmus-santpedor\/wp-json\/wp\/v2\/media?parent=798"}],"wp:term":[{"taxonomy":"category","embeddable":true,"href":"https:\/\/agora.xtec.cat\/escmus-santpedor\/wp-json\/wp\/v2\/categories?post=798"},{"taxonomy":"post_tag","embeddable":true,"href":"https:\/\/agora.xtec.cat\/escmus-santpedor\/wp-json\/wp\/v2\/tags?post=798"}],"curies":[{"name":"wp","href":"https:\/\/api.w.org\/{rel}","templated":true}]}}