{"id":788,"date":"2017-12-14T19:57:45","date_gmt":"2017-12-14T18:57:45","guid":{"rendered":"http:\/\/agora.xtec.cat\/escmus-santpedor\/?p=788"},"modified":"2017-12-14T20:11:04","modified_gmt":"2017-12-14T19:11:04","slug":"cantada-contra-la-violencia-de-genere-2","status":"publish","type":"post","link":"https:\/\/agora.xtec.cat\/escmus-santpedor\/general\/cantada-contra-la-violencia-de-genere-2\/","title":{"rendered":"Cantada contra la viol\u00e8ncia de g\u00e8nere"},"content":{"rendered":"<p>Un any m\u00e9s els alumnes de l&#8217;escola han participat en l&#8217;acte contra la viol\u00e8ncia de g\u00e8nere.<\/p>\n<p>Aquesta acte s&#8217;ha dut a terme el passat dimecres 22 de novembre. Va comen\u00e7ar a les 6 de la tarda amb la can\u00e7\u00f3 &#8220;Suddenly Seymour&#8221; interpretada pels alumnes de les corals de la nostra escola, per donar pas a la lectura del manifest i de les 44 v\u00edctimes de viol\u00e8ncia de g\u00e8nere.<\/p>\n<p>Va ser la N\u00faria Barba (regidora d&#8217;igualtat) qui en va fer la lectura i va demanar voluntaris i volunt\u00e0ries per encendre una espelma per cada v\u00edctima i posar-la al lla\u00e7 lila que es va posar a l&#8217;escenari.<\/p>\n<p>Tot seguit, els alumnes de l&#8217;escola van cantar una segona can\u00e7\u00f3: &#8220;Maria se bebe las calles&#8221; i per acabar es va fer una flahsmob on va participar tothom qui va voler.<\/p>\n<p>Us deixem l&#8217;enlla\u00e7 de les fotos.<\/p>\n<p><a href=\"https:\/\/drive.google.com\/open?id=19NxdnWb3ZoKXHYUKFjZrIeJIG1iathxN\">Cantada contra la viol\u00e8ncia de g\u00e8nere<\/a><\/p>\n","protected":false},"excerpt":{"rendered":"<p>Un any m\u00e9s els alumnes de l&#8217;escola han participat en l&#8217;acte contra la viol\u00e8ncia de g\u00e8nere.<br \/>\nAquesta acte s&#8217;ha dut a terme el passat dimecres 22 de novembre. Va comen\u00e7ar a les 6 de la tarda amb la can\u00e7\u00f3 &#8220;Suddenly Seymour&#8221; interpretada pels alumnes de les&hellip;  <a href=\"https:\/\/agora.xtec.cat\/escmus-santpedor\/general\/cantada-contra-la-violencia-de-genere-2\/\" title=\"Read Cantada contra la viol\u00e8ncia de g\u00e8nere\">Llegeix m\u00e9s\u00bb<\/a><\/p>\n","protected":false},"author":1,"featured_media":0,"comment_status":"open","ping_status":"closed","sticky":false,"template":"","format":"standard","meta":{"_bbp_topic_count":0,"_bbp_reply_count":0,"_bbp_total_topic_count":0,"_bbp_total_reply_count":0,"_bbp_voice_count":0,"_bbp_anonymous_reply_count":0,"_bbp_topic_count_hidden":0,"_bbp_reply_count_hidden":0,"_bbp_forum_subforum_count":0,"footnotes":""},"categories":[2,1,4],"tags":[31,80,62,63],"class_list":["post-788","post","type-post","status-publish","format-standard","hentry","category-formacions","category-general","category-portada","tag-concerts","tag-coral","tag-divulgacio","tag-noticies"],"post_mailing_queue_ids":[],"_links":{"self":[{"href":"https:\/\/agora.xtec.cat\/escmus-santpedor\/wp-json\/wp\/v2\/posts\/788","targetHints":{"allow":["GET"]}}],"collection":[{"href":"https:\/\/agora.xtec.cat\/escmus-santpedor\/wp-json\/wp\/v2\/posts"}],"about":[{"href":"https:\/\/agora.xtec.cat\/escmus-santpedor\/wp-json\/wp\/v2\/types\/post"}],"author":[{"embeddable":true,"href":"https:\/\/agora.xtec.cat\/escmus-santpedor\/wp-json\/wp\/v2\/users\/1"}],"replies":[{"embeddable":true,"href":"https:\/\/agora.xtec.cat\/escmus-santpedor\/wp-json\/wp\/v2\/comments?post=788"}],"version-history":[{"count":3,"href":"https:\/\/agora.xtec.cat\/escmus-santpedor\/wp-json\/wp\/v2\/posts\/788\/revisions"}],"predecessor-version":[{"id":797,"href":"https:\/\/agora.xtec.cat\/escmus-santpedor\/wp-json\/wp\/v2\/posts\/788\/revisions\/797"}],"wp:attachment":[{"href":"https:\/\/agora.xtec.cat\/escmus-santpedor\/wp-json\/wp\/v2\/media?parent=788"}],"wp:term":[{"taxonomy":"category","embeddable":true,"href":"https:\/\/agora.xtec.cat\/escmus-santpedor\/wp-json\/wp\/v2\/categories?post=788"},{"taxonomy":"post_tag","embeddable":true,"href":"https:\/\/agora.xtec.cat\/escmus-santpedor\/wp-json\/wp\/v2\/tags?post=788"}],"curies":[{"name":"wp","href":"https:\/\/api.w.org\/{rel}","templated":true}]}}