{"id":597,"date":"2017-04-03T20:19:57","date_gmt":"2017-04-03T18:19:57","guid":{"rendered":"http:\/\/agora.xtec.cat\/escmus-santpedor\/?p=597"},"modified":"2017-04-03T20:19:57","modified_gmt":"2017-04-03T18:19:57","slug":"sala-piano-2017","status":"publish","type":"post","link":"https:\/\/agora.xtec.cat\/escmus-santpedor\/general\/sala-piano-2017\/","title":{"rendered":"Sala Piano 2017"},"content":{"rendered":"<p>El passat diumenge 19 de mar\u00e7, en el marc incomparable de la Masia de Castelladral, la nostra Escola va participar en la 6a edici\u00f3 Sala Piano, en la qual hi van participar dos alumnes de 3r de Nivell Elemental. El Marcel Masferrer i el Jordi Sim\u00f3n.<\/p>\n<p>La tem\u00e0tica aquest any era al voltant de la m\u00fasica compresa entre els segles XVIII i XIX, M\u00fasica que va ser escrita per a pianoforte, instrument precusor del piano actual.<\/p>\n<p>Algunes de les actuacions dels nens van ser comentades per el manres\u00e0 Roger Illa, llicenciat en Fortepiano i especialitzat en interpretaci\u00f3 amb instruments de teclats hist\u00f2rics (clavicordi, clavic\u00e8mbal i fortepiano) .<\/p>\n<p>Al llarg de tot el concert tamb\u00e9 van tenir l&#8217;actuaci\u00f3 d&#8217;una actriu simulant ser la germana del Wolfgang Amadeus Mozart.<\/p>\n<p>Cal destacar l&#8217;excel\u00b7lent actuaci\u00f3 dels dos int\u00e8rprets de la nostra escola, les quals en podeu gaudir amb aquests enregistraments.<\/p>\n<p><iframe loading=\"lazy\" title=\"Actuaci\u00f3 M.M. de Santpedor al Sala Piano 2017\" width=\"500\" height=\"281\" src=\"https:\/\/www.youtube.com\/embed\/MPnaqrfD0Ug?feature=oembed\" frameborder=\"0\" allow=\"accelerometer; autoplay; clipboard-write; encrypted-media; gyroscope; picture-in-picture; web-share\" referrerpolicy=\"strict-origin-when-cross-origin\" allowfullscreen><\/iframe><\/p>\n<p><iframe loading=\"lazy\" title=\"Actuaci\u00f3 de J.S. de Santpedor al Sala Piano 2017\" width=\"500\" height=\"281\" src=\"https:\/\/www.youtube.com\/embed\/6wsLaW_6nw0?feature=oembed\" frameborder=\"0\" allow=\"accelerometer; autoplay; clipboard-write; encrypted-media; gyroscope; picture-in-picture; web-share\" referrerpolicy=\"strict-origin-when-cross-origin\" allowfullscreen><\/iframe><\/p>\n","protected":false},"excerpt":{"rendered":"<p>El passat diumenge 19 de mar\u00e7, en el marc incomparable de la Masia de Castelladral, la nostra Escola va participar en la 6a edici\u00f3 Sala Piano, en la qual hi van participar dos alumnes de 3r de Nivell Elemental. El Marcel Masferrer i el Jordi&hellip;  <a href=\"https:\/\/agora.xtec.cat\/escmus-santpedor\/general\/sala-piano-2017\/\" title=\"Read Sala Piano 2017\">Llegeix m\u00e9s\u00bb<\/a><\/p>\n","protected":false},"author":1,"featured_media":0,"comment_status":"open","ping_status":"open","sticky":false,"template":"","format":"standard","meta":{"_bbp_topic_count":0,"_bbp_reply_count":0,"_bbp_total_topic_count":0,"_bbp_total_reply_count":0,"_bbp_voice_count":0,"_bbp_anonymous_reply_count":0,"_bbp_topic_count_hidden":0,"_bbp_reply_count_hidden":0,"_bbp_forum_subforum_count":0,"footnotes":""},"categories":[1,33,4],"tags":[31,37],"class_list":["post-597","post","type-post","status-publish","format-standard","hentry","category-general","category-instruments","category-portada","tag-concerts","tag-piano"],"post_mailing_queue_ids":[],"_links":{"self":[{"href":"https:\/\/agora.xtec.cat\/escmus-santpedor\/wp-json\/wp\/v2\/posts\/597","targetHints":{"allow":["GET"]}}],"collection":[{"href":"https:\/\/agora.xtec.cat\/escmus-santpedor\/wp-json\/wp\/v2\/posts"}],"about":[{"href":"https:\/\/agora.xtec.cat\/escmus-santpedor\/wp-json\/wp\/v2\/types\/post"}],"author":[{"embeddable":true,"href":"https:\/\/agora.xtec.cat\/escmus-santpedor\/wp-json\/wp\/v2\/users\/1"}],"replies":[{"embeddable":true,"href":"https:\/\/agora.xtec.cat\/escmus-santpedor\/wp-json\/wp\/v2\/comments?post=597"}],"version-history":[{"count":3,"href":"https:\/\/agora.xtec.cat\/escmus-santpedor\/wp-json\/wp\/v2\/posts\/597\/revisions"}],"predecessor-version":[{"id":608,"href":"https:\/\/agora.xtec.cat\/escmus-santpedor\/wp-json\/wp\/v2\/posts\/597\/revisions\/608"}],"wp:attachment":[{"href":"https:\/\/agora.xtec.cat\/escmus-santpedor\/wp-json\/wp\/v2\/media?parent=597"}],"wp:term":[{"taxonomy":"category","embeddable":true,"href":"https:\/\/agora.xtec.cat\/escmus-santpedor\/wp-json\/wp\/v2\/categories?post=597"},{"taxonomy":"post_tag","embeddable":true,"href":"https:\/\/agora.xtec.cat\/escmus-santpedor\/wp-json\/wp\/v2\/tags?post=597"}],"curies":[{"name":"wp","href":"https:\/\/api.w.org\/{rel}","templated":true}]}}