{"id":575,"date":"2017-02-17T15:32:25","date_gmt":"2017-02-17T14:32:25","guid":{"rendered":"http:\/\/agora.xtec.cat\/escmus-santpedor\/?p=575"},"modified":"2017-02-17T15:32:25","modified_gmt":"2017-02-17T14:32:25","slug":"matinal-solidaria","status":"publish","type":"post","link":"https:\/\/agora.xtec.cat\/escmus-santpedor\/general\/matinal-solidaria\/","title":{"rendered":"Matinal Solid\u00e0ria"},"content":{"rendered":"<p>Enguany, a difer\u00e8ncia dels altres anys,des de l&#8217;Escola de M\u00fasica no vam participar activament en la tradicional Matinal solid\u00e0ria el diumenge al mat\u00ed que s&#8217;organitza des de l&#8217;escola Riu d&#8217;Or, per\u00f2 vam fer solidaris els nostres concerts de Nadal a la Matinal Solid\u00e0ria.<\/p>\n<p>Es va explicar als assistents i es va posar una urna per deixar els donatius.<\/p>\n<p>Aix\u00ed doncs us fem saber que des de l&#8217;Escola es van recaptar 271,80 \u20ac<\/p>\n<p>Gr\u00e0cies a tots i totes els que hi vareu col\u00b7laborar<\/p>\n","protected":false},"excerpt":{"rendered":"<p>Enguany, a difer\u00e8ncia dels altres anys,des de l&#8217;Escola de M\u00fasica no vam participar activament en la tradicional Matinal solid\u00e0ria el diumenge al mat\u00ed que s&#8217;organitza des de l&#8217;escola Riu d&#8217;Or, per\u00f2 vam fer solidaris els nostres concerts de Nadal a la Matinal Solid\u00e0ria.<br \/>\nEs va explicar&hellip;  <a href=\"https:\/\/agora.xtec.cat\/escmus-santpedor\/general\/matinal-solidaria\/\" title=\"Read Matinal Solid\u00e0ria\">Llegeix m\u00e9s\u00bb<\/a><\/p>\n","protected":false},"author":1,"featured_media":0,"comment_status":"open","ping_status":"open","sticky":false,"template":"","format":"standard","meta":{"_bbp_topic_count":0,"_bbp_reply_count":0,"_bbp_total_topic_count":0,"_bbp_total_reply_count":0,"_bbp_voice_count":0,"_bbp_anonymous_reply_count":0,"_bbp_topic_count_hidden":0,"_bbp_reply_count_hidden":0,"_bbp_forum_subforum_count":0,"footnotes":""},"categories":[1,4],"tags":[62,63],"class_list":["post-575","post","type-post","status-publish","format-standard","hentry","category-general","category-portada","tag-divulgacio","tag-noticies"],"post_mailing_queue_ids":[],"_links":{"self":[{"href":"https:\/\/agora.xtec.cat\/escmus-santpedor\/wp-json\/wp\/v2\/posts\/575","targetHints":{"allow":["GET"]}}],"collection":[{"href":"https:\/\/agora.xtec.cat\/escmus-santpedor\/wp-json\/wp\/v2\/posts"}],"about":[{"href":"https:\/\/agora.xtec.cat\/escmus-santpedor\/wp-json\/wp\/v2\/types\/post"}],"author":[{"embeddable":true,"href":"https:\/\/agora.xtec.cat\/escmus-santpedor\/wp-json\/wp\/v2\/users\/1"}],"replies":[{"embeddable":true,"href":"https:\/\/agora.xtec.cat\/escmus-santpedor\/wp-json\/wp\/v2\/comments?post=575"}],"version-history":[{"count":3,"href":"https:\/\/agora.xtec.cat\/escmus-santpedor\/wp-json\/wp\/v2\/posts\/575\/revisions"}],"predecessor-version":[{"id":585,"href":"https:\/\/agora.xtec.cat\/escmus-santpedor\/wp-json\/wp\/v2\/posts\/575\/revisions\/585"}],"wp:attachment":[{"href":"https:\/\/agora.xtec.cat\/escmus-santpedor\/wp-json\/wp\/v2\/media?parent=575"}],"wp:term":[{"taxonomy":"category","embeddable":true,"href":"https:\/\/agora.xtec.cat\/escmus-santpedor\/wp-json\/wp\/v2\/categories?post=575"},{"taxonomy":"post_tag","embeddable":true,"href":"https:\/\/agora.xtec.cat\/escmus-santpedor\/wp-json\/wp\/v2\/tags?post=575"}],"curies":[{"name":"wp","href":"https:\/\/api.w.org\/{rel}","templated":true}]}}