{"id":505,"date":"2016-11-11T16:03:00","date_gmt":"2016-11-11T15:03:00","guid":{"rendered":"http:\/\/agora.xtec.cat\/escmus-santpedor\/?p=505"},"modified":"2016-11-11T16:56:01","modified_gmt":"2016-11-11T15:56:01","slug":"assaig-banda-unio-musical-del-bages","status":"publish","type":"post","link":"https:\/\/agora.xtec.cat\/escmus-santpedor\/general\/assaig-banda-unio-musical-del-bages\/","title":{"rendered":"Assaig Banda Uni\u00f3 Musical del Bages"},"content":{"rendered":"<p><img loading=\"lazy\" decoding=\"async\" class=\"alignnone\" src=\"https:\/\/lh3.googleusercontent.com\/-lXER9Ua3g7Sykcm2YuCEZ8V9cRtqfuSh3tBC8QfvqadBh9Ffgs6cYi3cM2wjJDMdMOxhO9TVnSQ8w222bAjUltdC6-om2BI2L-6VGusuOO2Gr-nLFxeeHb6w_62J8OVGGubPzGBYbnu0LBBNvLqb1F3b68XjfWgL_IL6co6kOJMet6yELOav2qTlQzb5Sj2Mo7NnPGl_cBozUxsA-bcDcZaWUtnn9dVy-3MiV9d9k0eHczDulzxiQeAR9JIjNIj2the9flFivmrogbFQgDXYtlA8HZC3xVRCEsxMiPOK7aFyLCoJJc0uvPLnii_R3ll6bmkEJ6WpHkOPQYK3XKJ8uOnol2Jf2PqwVtTWzAVMbfTz5w6Fy4UM7K6q9RqpWxA_1I0OxjjVqSlpUmd0H_aTg7RmRN2DkN7xtMdCCoUyftqM9qsHUG5OIRtoEfdp8yE_RersUnMQPMDe2YFmmHP6b-gOuU8SnkPfIgnILdhkvnPBOeq_IT0On_vgsHx9aBj7UdVxcLM6HoYVSThtmYzUAKZxY4V1jo0n7V2uGKUm_niQrGlvOcTVHwkW5tqVp-h93cWWzs826KczshCHGVe4-RAFHPnW2NAMA3zT271IzTdSgHk=w1180-h662-no\" width=\"1180\" height=\"662\" \/>Aquest dijous a les 20&#8217;00 h. al Teatre Casal Cultural de St. Fruit\u00f3s de Bages, alguns dels nostres alumnes de clarinet, flauta i saxo van fer l&#8217;assaig amb la Banda de la Uni\u00f3 Musical del Bages, per preparar el concert que es dur\u00e0 a terme aquest proper diumenge dia 13 a les 12&#8217;00 h. al Teatre Conservatori de Manresa.<\/p>\n<p>&nbsp;<\/p>\n<p>&nbsp;<\/p>\n","protected":false},"excerpt":{"rendered":"<p>Aquest dijous a les 20&#8217;00 h. al Teatre Casal Cultural de St. Fruit\u00f3s de Bages, alguns dels nostres alumnes de clarinet, flauta i saxo van fer l&#8217;assaig amb la Banda de la Uni\u00f3 Musical del Bages, per preparar el concert que es dur\u00e0 a terme&hellip;  <a href=\"https:\/\/agora.xtec.cat\/escmus-santpedor\/general\/assaig-banda-unio-musical-del-bages\/\" title=\"Read Assaig Banda Uni\u00f3 Musical del Bages\">Llegeix m\u00e9s\u00bb<\/a><\/p>\n","protected":false},"author":1,"featured_media":0,"comment_status":"open","ping_status":"open","sticky":false,"template":"","format":"standard","meta":{"_bbp_topic_count":0,"_bbp_reply_count":0,"_bbp_total_topic_count":0,"_bbp_total_reply_count":0,"_bbp_voice_count":0,"_bbp_anonymous_reply_count":0,"_bbp_topic_count_hidden":0,"_bbp_reply_count_hidden":0,"_bbp_forum_subforum_count":0,"footnotes":""},"categories":[1,33,4],"tags":[31],"class_list":["post-505","post","type-post","status-publish","format-standard","hentry","category-general","category-instruments","category-portada","tag-concerts"],"post_mailing_queue_ids":[],"_links":{"self":[{"href":"https:\/\/agora.xtec.cat\/escmus-santpedor\/wp-json\/wp\/v2\/posts\/505","targetHints":{"allow":["GET"]}}],"collection":[{"href":"https:\/\/agora.xtec.cat\/escmus-santpedor\/wp-json\/wp\/v2\/posts"}],"about":[{"href":"https:\/\/agora.xtec.cat\/escmus-santpedor\/wp-json\/wp\/v2\/types\/post"}],"author":[{"embeddable":true,"href":"https:\/\/agora.xtec.cat\/escmus-santpedor\/wp-json\/wp\/v2\/users\/1"}],"replies":[{"embeddable":true,"href":"https:\/\/agora.xtec.cat\/escmus-santpedor\/wp-json\/wp\/v2\/comments?post=505"}],"version-history":[{"count":3,"href":"https:\/\/agora.xtec.cat\/escmus-santpedor\/wp-json\/wp\/v2\/posts\/505\/revisions"}],"predecessor-version":[{"id":511,"href":"https:\/\/agora.xtec.cat\/escmus-santpedor\/wp-json\/wp\/v2\/posts\/505\/revisions\/511"}],"wp:attachment":[{"href":"https:\/\/agora.xtec.cat\/escmus-santpedor\/wp-json\/wp\/v2\/media?parent=505"}],"wp:term":[{"taxonomy":"category","embeddable":true,"href":"https:\/\/agora.xtec.cat\/escmus-santpedor\/wp-json\/wp\/v2\/categories?post=505"},{"taxonomy":"post_tag","embeddable":true,"href":"https:\/\/agora.xtec.cat\/escmus-santpedor\/wp-json\/wp\/v2\/tags?post=505"}],"curies":[{"name":"wp","href":"https:\/\/api.w.org\/{rel}","templated":true}]}}