{"id":270,"date":"2015-11-12T17:06:37","date_gmt":"2015-11-12T16:06:37","guid":{"rendered":"http:\/\/agora.xtec.cat\/escmus-santpedor\/?p=270"},"modified":"2015-12-17T12:28:04","modified_gmt":"2015-12-17T11:28:04","slug":"concert-de-santa-cecilia","status":"publish","type":"post","link":"https:\/\/agora.xtec.cat\/escmus-santpedor\/portada\/concert-de-santa-cecilia\/","title":{"rendered":"Concert de Santa Cec\u00edlia"},"content":{"rendered":"<p style=\"text-align: justify;\">Aquest mes de novembre tenim la celebraci\u00f3 de la nostra patrona, Santa Cec\u00edlia. Com cada any, la Banda de la Uni\u00f3 Musical del Bages ens convida a participar en el seu concert, juntament amb altres escoles de la comarca. En aquest acte hi participarem alumnes de clarinet, flauta i saxofon. Si voleu, ens podeu venir a veure el proper diumenge 22 a les 12h del migdia al teatre del Conservatori de Manresa.<\/p>\n","protected":false},"excerpt":{"rendered":"<p>Aquest mes de novembre tenim la celebraci\u00f3 de la nostra patrona, Santa Cec\u00edlia. Com cada any, la Banda de la Uni\u00f3 Musical del Bages ens convida a participar en el seu concert, juntament amb altres escoles de la comarca. En aquest acte hi participarem alumnes&hellip;  <a href=\"https:\/\/agora.xtec.cat\/escmus-santpedor\/portada\/concert-de-santa-cecilia\/\" title=\"Read Concert de Santa Cec\u00edlia\">Llegeix m\u00e9s\u00bb<\/a><\/p>\n","protected":false},"author":4,"featured_media":0,"comment_status":"open","ping_status":"open","sticky":false,"template":"","format":"standard","meta":{"_bbp_topic_count":0,"_bbp_reply_count":0,"_bbp_total_topic_count":0,"_bbp_total_reply_count":0,"_bbp_voice_count":0,"_bbp_anonymous_reply_count":0,"_bbp_topic_count_hidden":0,"_bbp_reply_count_hidden":0,"_bbp_forum_subforum_count":0,"footnotes":""},"categories":[33,4],"tags":[31],"class_list":["post-270","post","type-post","status-publish","format-standard","hentry","category-instruments","category-portada","tag-concerts"],"post_mailing_queue_ids":[],"_links":{"self":[{"href":"https:\/\/agora.xtec.cat\/escmus-santpedor\/wp-json\/wp\/v2\/posts\/270","targetHints":{"allow":["GET"]}}],"collection":[{"href":"https:\/\/agora.xtec.cat\/escmus-santpedor\/wp-json\/wp\/v2\/posts"}],"about":[{"href":"https:\/\/agora.xtec.cat\/escmus-santpedor\/wp-json\/wp\/v2\/types\/post"}],"author":[{"embeddable":true,"href":"https:\/\/agora.xtec.cat\/escmus-santpedor\/wp-json\/wp\/v2\/users\/4"}],"replies":[{"embeddable":true,"href":"https:\/\/agora.xtec.cat\/escmus-santpedor\/wp-json\/wp\/v2\/comments?post=270"}],"version-history":[{"count":3,"href":"https:\/\/agora.xtec.cat\/escmus-santpedor\/wp-json\/wp\/v2\/posts\/270\/revisions"}],"predecessor-version":[{"id":275,"href":"https:\/\/agora.xtec.cat\/escmus-santpedor\/wp-json\/wp\/v2\/posts\/270\/revisions\/275"}],"wp:attachment":[{"href":"https:\/\/agora.xtec.cat\/escmus-santpedor\/wp-json\/wp\/v2\/media?parent=270"}],"wp:term":[{"taxonomy":"category","embeddable":true,"href":"https:\/\/agora.xtec.cat\/escmus-santpedor\/wp-json\/wp\/v2\/categories?post=270"},{"taxonomy":"post_tag","embeddable":true,"href":"https:\/\/agora.xtec.cat\/escmus-santpedor\/wp-json\/wp\/v2\/tags?post=270"}],"curies":[{"name":"wp","href":"https:\/\/api.w.org\/{rel}","templated":true}]}}