{"id":2478,"date":"2026-04-27T19:11:43","date_gmt":"2026-04-27T17:11:43","guid":{"rendered":"https:\/\/agora.xtec.cat\/escmus-santpedor\/?p=2478"},"modified":"2026-04-27T19:11:43","modified_gmt":"2026-04-27T17:11:43","slug":"preinscripcions-del-5-al-15-de-maig-8","status":"publish","type":"post","link":"https:\/\/agora.xtec.cat\/escmus-santpedor\/general\/preinscripcions-del-5-al-15-de-maig-8\/","title":{"rendered":"PREINSCRIPCIONS DEL 5 AL 15 DE MAIG"},"content":{"rendered":"<p>Vols que el teu fill o filla creixi fent m\u00fasica?\u00a0 L&#8217;Escola Municipal de M\u00fasica de Santpedor far\u00e0 el per\u00edode de preinscripcions del 5 al 15 de maig.<\/p>\n<ul>\n<li>Professorat titulat<\/li>\n<li>Escola amb conveni amb la Generalitat<\/li>\n<li>36 anys fent m\u00fasica<\/li>\n<\/ul>\n<p>Les jornades de Portes Obertes seran del 5 al 8 de maig.<\/p>\n<p><a href=\"https:\/\/agora.xtec.cat\/escmus-santpedor\/wp-content\/uploads\/usu569\/2026\/04\/Sensibilitzacio.jpg\"><img loading=\"lazy\" decoding=\"async\" class=\"alignnone size-medium wp-image-2479\" src=\"https:\/\/agora.xtec.cat\/escmus-santpedor\/wp-content\/uploads\/usu569\/2026\/04\/Sensibilitzacio-240x300.jpg\" alt=\"\" width=\"240\" height=\"300\" srcset=\"https:\/\/agora.xtec.cat\/escmus-santpedor\/wp-content\/uploads\/usu569\/2026\/04\/Sensibilitzacio-240x300.jpg 240w, https:\/\/agora.xtec.cat\/escmus-santpedor\/wp-content\/uploads\/usu569\/2026\/04\/Sensibilitzacio-819x1024.jpg 819w, https:\/\/agora.xtec.cat\/escmus-santpedor\/wp-content\/uploads\/usu569\/2026\/04\/Sensibilitzacio-768x960.jpg 768w, https:\/\/agora.xtec.cat\/escmus-santpedor\/wp-content\/uploads\/usu569\/2026\/04\/Sensibilitzacio.jpg 1080w\" sizes=\"auto, (max-width: 240px) 100vw, 240px\" \/><\/a><\/p>\n","protected":false},"excerpt":{"rendered":"<p>Vols que el teu fill o filla creixi fent m\u00fasica?\u00a0 L&#8217;Escola Municipal de M\u00fasica de Santpedor far\u00e0 el per\u00edode de preinscripcions del 5 al 15 de maig.<\/p>\n<ul>\n<li>Professorat titulat<\/li>\n<li>Escola amb conveni amb la Generalitat<\/li>\n<li>36 anys fent m\u00fasica<\/li>\n<\/ul>\n<p>Les jornades de Portes Obertes seran del 5 al 8&hellip;  <a href=\"https:\/\/agora.xtec.cat\/escmus-santpedor\/general\/preinscripcions-del-5-al-15-de-maig-8\/\" title=\"Read PREINSCRIPCIONS DEL 5 AL 15 DE MAIG\">Llegeix m\u00e9s\u00bb<\/a><\/p>\n","protected":false},"author":1,"featured_media":0,"comment_status":"open","ping_status":"open","sticky":false,"template":"","format":"standard","meta":{"_bbp_topic_count":0,"_bbp_reply_count":0,"_bbp_total_topic_count":0,"_bbp_total_reply_count":0,"_bbp_voice_count":0,"_bbp_anonymous_reply_count":0,"_bbp_topic_count_hidden":0,"_bbp_reply_count_hidden":0,"_bbp_forum_subforum_count":0,"footnotes":""},"categories":[1,4,92],"tags":[],"class_list":["post-2478","post","type-post","status-publish","format-standard","hentry","category-general","category-portada","category-sensibilitzacio"],"post_mailing_queue_ids":[],"_links":{"self":[{"href":"https:\/\/agora.xtec.cat\/escmus-santpedor\/wp-json\/wp\/v2\/posts\/2478","targetHints":{"allow":["GET"]}}],"collection":[{"href":"https:\/\/agora.xtec.cat\/escmus-santpedor\/wp-json\/wp\/v2\/posts"}],"about":[{"href":"https:\/\/agora.xtec.cat\/escmus-santpedor\/wp-json\/wp\/v2\/types\/post"}],"author":[{"embeddable":true,"href":"https:\/\/agora.xtec.cat\/escmus-santpedor\/wp-json\/wp\/v2\/users\/1"}],"replies":[{"embeddable":true,"href":"https:\/\/agora.xtec.cat\/escmus-santpedor\/wp-json\/wp\/v2\/comments?post=2478"}],"version-history":[{"count":1,"href":"https:\/\/agora.xtec.cat\/escmus-santpedor\/wp-json\/wp\/v2\/posts\/2478\/revisions"}],"predecessor-version":[{"id":2480,"href":"https:\/\/agora.xtec.cat\/escmus-santpedor\/wp-json\/wp\/v2\/posts\/2478\/revisions\/2480"}],"wp:attachment":[{"href":"https:\/\/agora.xtec.cat\/escmus-santpedor\/wp-json\/wp\/v2\/media?parent=2478"}],"wp:term":[{"taxonomy":"category","embeddable":true,"href":"https:\/\/agora.xtec.cat\/escmus-santpedor\/wp-json\/wp\/v2\/categories?post=2478"},{"taxonomy":"post_tag","embeddable":true,"href":"https:\/\/agora.xtec.cat\/escmus-santpedor\/wp-json\/wp\/v2\/tags?post=2478"}],"curies":[{"name":"wp","href":"https:\/\/api.w.org\/{rel}","templated":true}]}}