{"id":2443,"date":"2026-04-20T20:10:48","date_gmt":"2026-04-20T18:10:48","guid":{"rendered":"https:\/\/agora.xtec.cat\/escmus-santpedor\/?p=2443"},"modified":"2026-04-21T20:58:39","modified_gmt":"2026-04-21T18:58:39","slug":"preinscripcions-del-5-al-15-de-maig-3","status":"publish","type":"post","link":"https:\/\/agora.xtec.cat\/escmus-santpedor\/general\/preinscripcions-del-5-al-15-de-maig-3\/","title":{"rendered":"PREINSCRIPCIONS DEL 5 AL 15 DE MAIG"},"content":{"rendered":"<p>Vols aprendre a tocar el Saxo o la Flauta travessera? L&#8217;Escola Municipal de M\u00fasica de Santpedor far\u00e0 el per\u00edode de preinscripcions del 5 al 15 de maig.<\/p>\n<ul>\n<li>Professorat titulat<\/li>\n<li>Escola amb conveni amb la Generalitat<\/li>\n<li>36 anys fent m\u00fasica<\/li>\n<\/ul>\n<p>Les jornades de Portes Obertes seran del 5 al 8 de maig.<\/p>\n\n\t\t<style type=\"text\/css\">\n\t\t\t#gallery-1 {\n\t\t\t\tmargin: auto;\n\t\t\t}\n\t\t\t#gallery-1 .gallery-item {\n\t\t\t\tfloat: left;\n\t\t\t\tmargin-top: 10px;\n\t\t\t\ttext-align: center;\n\t\t\t\twidth: 50%;\n\t\t\t}\n\t\t\t#gallery-1 img {\n\t\t\t\tborder: 2px solid #cfcfcf;\n\t\t\t}\n\t\t\t#gallery-1 .gallery-caption {\n\t\t\t\tmargin-left: 0;\n\t\t\t}\n\t\t\t\/* see gallery_shortcode() in wp-includes\/media.php *\/\n\t\t<\/style>\n\t\t<div id='gallery-1' class='gallery galleryid-2443 gallery-columns-2 gallery-size-medium'><dl class='gallery-item'>\n\t\t\t<dt class='gallery-icon portrait'>\n\t\t\t\t<a href='https:\/\/agora.xtec.cat\/escmus-santpedor\/general\/preinscripcions-del-5-al-15-de-maig-3\/attachment\/saxo\/'><img loading=\"lazy\" decoding=\"async\" width=\"240\" height=\"300\" src=\"https:\/\/agora.xtec.cat\/escmus-santpedor\/wp-content\/uploads\/usu569\/2026\/04\/SAXO-240x300.jpg\" class=\"attachment-medium size-medium\" alt=\"\" srcset=\"https:\/\/agora.xtec.cat\/escmus-santpedor\/wp-content\/uploads\/usu569\/2026\/04\/SAXO-240x300.jpg 240w, https:\/\/agora.xtec.cat\/escmus-santpedor\/wp-content\/uploads\/usu569\/2026\/04\/SAXO-819x1024.jpg 819w, https:\/\/agora.xtec.cat\/escmus-santpedor\/wp-content\/uploads\/usu569\/2026\/04\/SAXO-768x960.jpg 768w, https:\/\/agora.xtec.cat\/escmus-santpedor\/wp-content\/uploads\/usu569\/2026\/04\/SAXO.jpg 1080w\" sizes=\"auto, (max-width: 240px) 100vw, 240px\" \/><\/a>\n\t\t\t<\/dt><\/dl><dl class='gallery-item'>\n\t\t\t<dt class='gallery-icon portrait'>\n\t\t\t\t<a href='https:\/\/agora.xtec.cat\/escmus-santpedor\/general\/preinscripcions-del-5-al-15-de-maig-3\/attachment\/flauta-travessera\/'><img loading=\"lazy\" decoding=\"async\" width=\"240\" height=\"300\" src=\"https:\/\/agora.xtec.cat\/escmus-santpedor\/wp-content\/uploads\/usu569\/2026\/04\/FLAUTA-TRAVESSERA-240x300.jpg\" class=\"attachment-medium size-medium\" alt=\"\" srcset=\"https:\/\/agora.xtec.cat\/escmus-santpedor\/wp-content\/uploads\/usu569\/2026\/04\/FLAUTA-TRAVESSERA-240x300.jpg 240w, https:\/\/agora.xtec.cat\/escmus-santpedor\/wp-content\/uploads\/usu569\/2026\/04\/FLAUTA-TRAVESSERA-819x1024.jpg 819w, https:\/\/agora.xtec.cat\/escmus-santpedor\/wp-content\/uploads\/usu569\/2026\/04\/FLAUTA-TRAVESSERA-768x960.jpg 768w, https:\/\/agora.xtec.cat\/escmus-santpedor\/wp-content\/uploads\/usu569\/2026\/04\/FLAUTA-TRAVESSERA.jpg 1080w\" sizes=\"auto, (max-width: 240px) 100vw, 240px\" \/><\/a>\n\t\t\t<\/dt><\/dl><br style=\"clear: both\" \/>\n\t\t<\/div>\n\n","protected":false},"excerpt":{"rendered":"<p>Vols aprendre a tocar el Saxo o la Flauta travessera? L&#8217;Escola Municipal de M\u00fasica de Santpedor far\u00e0 el per\u00edode de preinscripcions del 5 al 15 de maig.<\/p>\n<ul>\n<li>Professorat titulat<\/li>\n<li>Escola amb conveni amb la Generalitat<\/li>\n<li>36 anys fent m\u00fasica<\/li>\n<\/ul>\n<p>Les jornades de Portes Obertes seran del 5 al 8&hellip;  <a href=\"https:\/\/agora.xtec.cat\/escmus-santpedor\/general\/preinscripcions-del-5-al-15-de-maig-3\/\" title=\"Read PREINSCRIPCIONS DEL 5 AL 15 DE MAIG\">Llegeix m\u00e9s\u00bb<\/a><\/p>\n","protected":false},"author":1,"featured_media":0,"comment_status":"open","ping_status":"open","sticky":false,"template":"","format":"standard","meta":{"_bbp_topic_count":0,"_bbp_reply_count":0,"_bbp_total_topic_count":0,"_bbp_total_reply_count":0,"_bbp_voice_count":0,"_bbp_anonymous_reply_count":0,"_bbp_topic_count_hidden":0,"_bbp_reply_count_hidden":0,"_bbp_forum_subforum_count":0,"footnotes":""},"categories":[1,4],"tags":[],"class_list":["post-2443","post","type-post","status-publish","format-standard","hentry","category-general","category-portada"],"post_mailing_queue_ids":[],"_links":{"self":[{"href":"https:\/\/agora.xtec.cat\/escmus-santpedor\/wp-json\/wp\/v2\/posts\/2443","targetHints":{"allow":["GET"]}}],"collection":[{"href":"https:\/\/agora.xtec.cat\/escmus-santpedor\/wp-json\/wp\/v2\/posts"}],"about":[{"href":"https:\/\/agora.xtec.cat\/escmus-santpedor\/wp-json\/wp\/v2\/types\/post"}],"author":[{"embeddable":true,"href":"https:\/\/agora.xtec.cat\/escmus-santpedor\/wp-json\/wp\/v2\/users\/1"}],"replies":[{"embeddable":true,"href":"https:\/\/agora.xtec.cat\/escmus-santpedor\/wp-json\/wp\/v2\/comments?post=2443"}],"version-history":[{"count":4,"href":"https:\/\/agora.xtec.cat\/escmus-santpedor\/wp-json\/wp\/v2\/posts\/2443\/revisions"}],"predecessor-version":[{"id":2458,"href":"https:\/\/agora.xtec.cat\/escmus-santpedor\/wp-json\/wp\/v2\/posts\/2443\/revisions\/2458"}],"wp:attachment":[{"href":"https:\/\/agora.xtec.cat\/escmus-santpedor\/wp-json\/wp\/v2\/media?parent=2443"}],"wp:term":[{"taxonomy":"category","embeddable":true,"href":"https:\/\/agora.xtec.cat\/escmus-santpedor\/wp-json\/wp\/v2\/categories?post=2443"},{"taxonomy":"post_tag","embeddable":true,"href":"https:\/\/agora.xtec.cat\/escmus-santpedor\/wp-json\/wp\/v2\/tags?post=2443"}],"curies":[{"name":"wp","href":"https:\/\/api.w.org\/{rel}","templated":true}]}}