{"id":2418,"date":"2026-04-15T19:13:57","date_gmt":"2026-04-15T17:13:57","guid":{"rendered":"https:\/\/agora.xtec.cat\/escmus-santpedor\/?p=2418"},"modified":"2026-04-15T19:13:57","modified_gmt":"2026-04-15T17:13:57","slug":"conjunt-instrumental","status":"publish","type":"post","link":"https:\/\/agora.xtec.cat\/escmus-santpedor\/general\/conjunt-instrumental\/","title":{"rendered":"CONJUNT INSTRUMENTAL"},"content":{"rendered":"<p>Fer m\u00fasica en conjunt \u00e9s molt m\u00e9s que tocar alhora: \u00e9s desenvolupar l&#8217;escolta activa, la coordinaci\u00f3, l&#8217;afinaci\u00f3 i la sensibilitat musical. Aix\u00ed \u00e9s com treballem a la classe de Conjunt Instrumental.<\/p>\n<div style=\"width: 478px;\" class=\"wp-video\"><!--[if lt IE 9]><script>document.createElement('video');<\/script><![endif]-->\n<video class=\"wp-video-shortcode\" id=\"video-2418-1\" width=\"478\" height=\"850\" preload=\"metadata\" controls=\"controls\"><source type=\"video\/mp4\" src=\"https:\/\/agora.xtec.cat\/escmus-santpedor\/wp-content\/uploads\/usu569\/2026\/04\/VID-20260415-WA0003.mp4?_=1\" \/><a href=\"https:\/\/agora.xtec.cat\/escmus-santpedor\/wp-content\/uploads\/usu569\/2026\/04\/VID-20260415-WA0003.mp4\">https:\/\/agora.xtec.cat\/escmus-santpedor\/wp-content\/uploads\/usu569\/2026\/04\/VID-20260415-WA0003.mp4<\/a><\/video><\/div>\n","protected":false},"excerpt":{"rendered":"<p>Fer m\u00fasica en conjunt \u00e9s molt m\u00e9s que tocar alhora: \u00e9s desenvolupar l&#8217;escolta activa, la coordinaci\u00f3, l&#8217;afinaci\u00f3 i la sensibilitat musical. Aix\u00ed \u00e9s com treballem a la classe de Conjunt Instrumental.<br \/>\n<a href=\"https:\/\/agora.xtec.cat\/escmus-santpedor\/wp-content\/uploads\/usu569\/2026\/04\/VID-20260415-WA0003.mp4\">https:\/\/agora.xtec.cat\/escmus-santpedor\/wp-content\/uploads\/usu569\/2026\/04\/VID-20260415-WA0003.mp4<\/a><\/p>\n","protected":false},"author":1,"featured_media":0,"comment_status":"open","ping_status":"open","sticky":false,"template":"","format":"standard","meta":{"_bbp_topic_count":0,"_bbp_reply_count":0,"_bbp_total_topic_count":0,"_bbp_total_reply_count":0,"_bbp_voice_count":0,"_bbp_anonymous_reply_count":0,"_bbp_topic_count_hidden":0,"_bbp_reply_count_hidden":0,"_bbp_forum_subforum_count":0,"footnotes":""},"categories":[2,1,4],"tags":[],"class_list":["post-2418","post","type-post","status-publish","format-standard","hentry","category-formacions","category-general","category-portada"],"post_mailing_queue_ids":[],"_links":{"self":[{"href":"https:\/\/agora.xtec.cat\/escmus-santpedor\/wp-json\/wp\/v2\/posts\/2418","targetHints":{"allow":["GET"]}}],"collection":[{"href":"https:\/\/agora.xtec.cat\/escmus-santpedor\/wp-json\/wp\/v2\/posts"}],"about":[{"href":"https:\/\/agora.xtec.cat\/escmus-santpedor\/wp-json\/wp\/v2\/types\/post"}],"author":[{"embeddable":true,"href":"https:\/\/agora.xtec.cat\/escmus-santpedor\/wp-json\/wp\/v2\/users\/1"}],"replies":[{"embeddable":true,"href":"https:\/\/agora.xtec.cat\/escmus-santpedor\/wp-json\/wp\/v2\/comments?post=2418"}],"version-history":[{"count":1,"href":"https:\/\/agora.xtec.cat\/escmus-santpedor\/wp-json\/wp\/v2\/posts\/2418\/revisions"}],"predecessor-version":[{"id":2420,"href":"https:\/\/agora.xtec.cat\/escmus-santpedor\/wp-json\/wp\/v2\/posts\/2418\/revisions\/2420"}],"wp:attachment":[{"href":"https:\/\/agora.xtec.cat\/escmus-santpedor\/wp-json\/wp\/v2\/media?parent=2418"}],"wp:term":[{"taxonomy":"category","embeddable":true,"href":"https:\/\/agora.xtec.cat\/escmus-santpedor\/wp-json\/wp\/v2\/categories?post=2418"},{"taxonomy":"post_tag","embeddable":true,"href":"https:\/\/agora.xtec.cat\/escmus-santpedor\/wp-json\/wp\/v2\/tags?post=2418"}],"curies":[{"name":"wp","href":"https:\/\/api.w.org\/{rel}","templated":true}]}}