{"id":2410,"date":"2026-04-13T20:20:31","date_gmt":"2026-04-13T18:20:31","guid":{"rendered":"https:\/\/agora.xtec.cat\/escmus-santpedor\/?p=2410"},"modified":"2026-04-13T20:20:31","modified_gmt":"2026-04-13T18:20:31","slug":"aula-sensibilitzacio","status":"publish","type":"post","link":"https:\/\/agora.xtec.cat\/escmus-santpedor\/general\/aula-sensibilitzacio\/","title":{"rendered":"AULA SENSIBILITZACI\u00d3"},"content":{"rendered":"<p>A l&#8217;Aula de Sensibilitzaci\u00f3 musical, els infants de 3 a 5 anys descobreixen la m\u00fasica cantant, jugant amb ritmes i explorant sons. Mireu com preparem la cantata de final de curs!<\/p>\n<div style=\"width: 478px;\" class=\"wp-video\"><!--[if lt IE 9]><script>document.createElement('video');<\/script><![endif]-->\n<video class=\"wp-video-shortcode\" id=\"video-2410-1\" width=\"478\" height=\"850\" preload=\"metadata\" controls=\"controls\"><source type=\"video\/mp4\" src=\"https:\/\/agora.xtec.cat\/escmus-santpedor\/wp-content\/uploads\/usu569\/2026\/04\/VID-20260408-WA0002.mp4?_=1\" \/><a href=\"https:\/\/agora.xtec.cat\/escmus-santpedor\/wp-content\/uploads\/usu569\/2026\/04\/VID-20260408-WA0002.mp4\">https:\/\/agora.xtec.cat\/escmus-santpedor\/wp-content\/uploads\/usu569\/2026\/04\/VID-20260408-WA0002.mp4<\/a><\/video><\/div>\n","protected":false},"excerpt":{"rendered":"<p>A l&#8217;Aula de Sensibilitzaci\u00f3 musical, els infants de 3 a 5 anys descobreixen la m\u00fasica cantant, jugant amb ritmes i explorant sons. Mireu com preparem la cantata de final de curs!<br \/>\n<a href=\"https:\/\/agora.xtec.cat\/escmus-santpedor\/wp-content\/uploads\/usu569\/2026\/04\/VID-20260408-WA0002.mp4\">https:\/\/agora.xtec.cat\/escmus-santpedor\/wp-content\/uploads\/usu569\/2026\/04\/VID-20260408-WA0002.mp4<\/a><\/p>\n","protected":false},"author":1,"featured_media":0,"comment_status":"open","ping_status":"open","sticky":false,"template":"","format":"standard","meta":{"_bbp_topic_count":0,"_bbp_reply_count":0,"_bbp_total_topic_count":0,"_bbp_total_reply_count":0,"_bbp_voice_count":0,"_bbp_anonymous_reply_count":0,"_bbp_topic_count_hidden":0,"_bbp_reply_count_hidden":0,"_bbp_forum_subforum_count":0,"footnotes":""},"categories":[1,4,92],"tags":[],"class_list":["post-2410","post","type-post","status-publish","format-standard","hentry","category-general","category-portada","category-sensibilitzacio"],"post_mailing_queue_ids":[],"_links":{"self":[{"href":"https:\/\/agora.xtec.cat\/escmus-santpedor\/wp-json\/wp\/v2\/posts\/2410","targetHints":{"allow":["GET"]}}],"collection":[{"href":"https:\/\/agora.xtec.cat\/escmus-santpedor\/wp-json\/wp\/v2\/posts"}],"about":[{"href":"https:\/\/agora.xtec.cat\/escmus-santpedor\/wp-json\/wp\/v2\/types\/post"}],"author":[{"embeddable":true,"href":"https:\/\/agora.xtec.cat\/escmus-santpedor\/wp-json\/wp\/v2\/users\/1"}],"replies":[{"embeddable":true,"href":"https:\/\/agora.xtec.cat\/escmus-santpedor\/wp-json\/wp\/v2\/comments?post=2410"}],"version-history":[{"count":1,"href":"https:\/\/agora.xtec.cat\/escmus-santpedor\/wp-json\/wp\/v2\/posts\/2410\/revisions"}],"predecessor-version":[{"id":2412,"href":"https:\/\/agora.xtec.cat\/escmus-santpedor\/wp-json\/wp\/v2\/posts\/2410\/revisions\/2412"}],"wp:attachment":[{"href":"https:\/\/agora.xtec.cat\/escmus-santpedor\/wp-json\/wp\/v2\/media?parent=2410"}],"wp:term":[{"taxonomy":"category","embeddable":true,"href":"https:\/\/agora.xtec.cat\/escmus-santpedor\/wp-json\/wp\/v2\/categories?post=2410"},{"taxonomy":"post_tag","embeddable":true,"href":"https:\/\/agora.xtec.cat\/escmus-santpedor\/wp-json\/wp\/v2\/tags?post=2410"}],"curies":[{"name":"wp","href":"https:\/\/api.w.org\/{rel}","templated":true}]}}