{"id":234,"date":"2015-11-09T16:39:36","date_gmt":"2015-11-09T15:39:36","guid":{"rendered":"http:\/\/agora.xtec.cat\/escmus-santpedor\/?p=234"},"modified":"2016-03-03T09:23:37","modified_gmt":"2016-03-03T08:23:37","slug":"primeres-actuacions-de-les-corals","status":"publish","type":"post","link":"https:\/\/agora.xtec.cat\/escmus-santpedor\/portada\/primeres-actuacions-de-les-corals\/","title":{"rendered":"Primeres actuacions de les corals"},"content":{"rendered":"<p style=\"text-align: justify;\">Les corals de nivell elemental estem preparant les nostres primeres actuacions.<\/p>\n<p>Si ens voleu escoltar ho podeu fer:<\/p>\n<ul>\n<li style=\"text-align: justify;\">Dimecres 25 de novembre a les 18&#8217;30 h. a la Pla\u00e7a Gran dins els actes contra la viol\u00e8ncia de g\u00e8nere que organitza l&#8217;ajuntament.<\/li>\n<li style=\"text-align: justify;\">Diumenge 29 de novembre a les 12&#8217;30 h. a la Pla\u00e7a Gran estarem col\u00b7laborant amb la matinal solid\u00e0ria que organitza l&#8217;AMPA de l&#8217;Escola Riu d&#8217;Or juntament amb els altres centres educatius i entitats.<\/li>\n<\/ul>\n<p style=\"text-align: justify;\">En els dos actes\u00a0\u00a0estarem acompanyats d&#8217;una petita orquestra que hem organitzat per l&#8217;ocasi\u00f3.<\/p>\n<p>&nbsp;<\/p>\n<p>&nbsp;<\/p>\n<p>&nbsp;<\/p>\n","protected":false},"excerpt":{"rendered":"<p>Les corals de nivell elemental estem preparant les nostres primeres actuacions.<br \/>\nSi ens voleu escoltar ho podeu fer:<\/p>\n<ul>\n<li style=\"text-align: justify;\">Dimecres 25 de novembre a les 18&#8217;30 h. a la Pla\u00e7a Gran dins els actes contra la viol\u00e8ncia de g\u00e8nere que organitza l&#8217;ajuntament.<\/li>\n<li style=\"text-align: justify;\">Diumenge 29 de&hellip;  <a href=\"https:\/\/agora.xtec.cat\/escmus-santpedor\/portada\/primeres-actuacions-de-les-corals\/\" title=\"Read Primeres actuacions de les corals\">Llegeix m\u00e9s\u00bb<\/a><br \/>\n","protected":false},"author":1,"featured_media":0,"comment_status":"open","ping_status":"open","sticky":false,"template":"","format":"standard","meta":{"_bbp_topic_count":0,"_bbp_reply_count":0,"_bbp_total_topic_count":0,"_bbp_total_reply_count":0,"_bbp_voice_count":0,"_bbp_anonymous_reply_count":0,"_bbp_topic_count_hidden":0,"_bbp_reply_count_hidden":0,"_bbp_forum_subforum_count":0,"footnotes":""},"categories":[4],"tags":[31],"class_list":["post-234","post","type-post","status-publish","format-standard","hentry","category-portada","tag-concerts"],"post_mailing_queue_ids":[],"_links":{"self":[{"href":"https:\/\/agora.xtec.cat\/escmus-santpedor\/wp-json\/wp\/v2\/posts\/234","targetHints":{"allow":["GET"]}}],"collection":[{"href":"https:\/\/agora.xtec.cat\/escmus-santpedor\/wp-json\/wp\/v2\/posts"}],"about":[{"href":"https:\/\/agora.xtec.cat\/escmus-santpedor\/wp-json\/wp\/v2\/types\/post"}],"author":[{"embeddable":true,"href":"https:\/\/agora.xtec.cat\/escmus-santpedor\/wp-json\/wp\/v2\/users\/1"}],"replies":[{"embeddable":true,"href":"https:\/\/agora.xtec.cat\/escmus-santpedor\/wp-json\/wp\/v2\/comments?post=234"}],"version-history":[{"count":3,"href":"https:\/\/agora.xtec.cat\/escmus-santpedor\/wp-json\/wp\/v2\/posts\/234\/revisions"}],"predecessor-version":[{"id":398,"href":"https:\/\/agora.xtec.cat\/escmus-santpedor\/wp-json\/wp\/v2\/posts\/234\/revisions\/398"}],"wp:attachment":[{"href":"https:\/\/agora.xtec.cat\/escmus-santpedor\/wp-json\/wp\/v2\/media?parent=234"}],"wp:term":[{"taxonomy":"category","embeddable":true,"href":"https:\/\/agora.xtec.cat\/escmus-santpedor\/wp-json\/wp\/v2\/categories?post=234"},{"taxonomy":"post_tag","embeddable":true,"href":"https:\/\/agora.xtec.cat\/escmus-santpedor\/wp-json\/wp\/v2\/tags?post=234"}],"curies":[{"name":"wp","href":"https:\/\/api.w.org\/{rel}","templated":true}]}}