{"id":230,"date":"2015-11-05T11:22:17","date_gmt":"2015-11-05T10:22:17","guid":{"rendered":"http:\/\/agora.xtec.cat\/escmus-santpedor\/?p=230"},"modified":"2015-11-18T16:08:40","modified_gmt":"2015-11-18T15:08:40","slug":"cantada-de-nadales","status":"publish","type":"post","link":"https:\/\/agora.xtec.cat\/escmus-santpedor\/portada\/cantada-de-nadales\/","title":{"rendered":"Cantada de Nadales"},"content":{"rendered":"<p style=\"text-align: justify;\">Hola, amb les nenes i els nens de 1r d&#8217;Iniciaci\u00f3, conjuntament amb els de 2n d&#8217;Iniciaci\u00f3 i tamb\u00e9 els de sensibilitzaci\u00f3, \u00a0ja estem comen\u00e7ant a preparar el concert de Nadal.<\/p>\n<p style=\"text-align: justify;\">Aquest any no cantarem nom\u00e9s Nadales. Us farem un recital d&#8217;animalons per classes i despr\u00e9s tots junts unes quantes nadales.<\/p>\n<p><img decoding=\"async\" class=\" aligncenter\" src=\"http:\/\/www.cavalletdefusta.es\/wp-content\/uploads\/rateta.jpg\" alt=\"\" \/><\/p>\n<p>&nbsp;<\/p>\n<p><img decoding=\"async\" class=\" aligncenter\" src=\"http:\/\/www.xtec.cat\/~aalas\/ocells\/ocells\/pinsa.gif\" alt=\"\" \/><\/p>\n<p>&nbsp;<\/p>\n<p>Aaaaaaah!!!!! Pares, mares, avis i \u00e0vies us esperem a recitar un poema.<\/p>\n","protected":false},"excerpt":{"rendered":"<p>Hola, amb les nenes i els nens de 1r d&#8217;Iniciaci\u00f3, conjuntament amb els de 2n d&#8217;Iniciaci\u00f3 i tamb\u00e9 els de sensibilitzaci\u00f3, \u00a0ja estem comen\u00e7ant a preparar el concert de Nadal.<br \/>\nAquest any no cantarem nom\u00e9s Nadales. Us farem un recital d&#8217;animalons per classes i despr\u00e9s tots&hellip;  <a href=\"https:\/\/agora.xtec.cat\/escmus-santpedor\/portada\/cantada-de-nadales\/\" title=\"Read Cantada de Nadales\">Llegeix m\u00e9s\u00bb<\/a><\/p>\n","protected":false},"author":5,"featured_media":0,"comment_status":"open","ping_status":"open","sticky":false,"template":"","format":"standard","meta":{"_bbp_topic_count":0,"_bbp_reply_count":0,"_bbp_total_topic_count":0,"_bbp_total_reply_count":0,"_bbp_voice_count":0,"_bbp_anonymous_reply_count":0,"_bbp_topic_count_hidden":0,"_bbp_reply_count_hidden":0,"_bbp_forum_subforum_count":0,"footnotes":""},"categories":[25,4],"tags":[31],"class_list":["post-230","post","type-post","status-publish","format-standard","hentry","category-llenguatge-musical","category-portada","tag-concerts"],"post_mailing_queue_ids":[],"_links":{"self":[{"href":"https:\/\/agora.xtec.cat\/escmus-santpedor\/wp-json\/wp\/v2\/posts\/230","targetHints":{"allow":["GET"]}}],"collection":[{"href":"https:\/\/agora.xtec.cat\/escmus-santpedor\/wp-json\/wp\/v2\/posts"}],"about":[{"href":"https:\/\/agora.xtec.cat\/escmus-santpedor\/wp-json\/wp\/v2\/types\/post"}],"author":[{"embeddable":true,"href":"https:\/\/agora.xtec.cat\/escmus-santpedor\/wp-json\/wp\/v2\/users\/5"}],"replies":[{"embeddable":true,"href":"https:\/\/agora.xtec.cat\/escmus-santpedor\/wp-json\/wp\/v2\/comments?post=230"}],"version-history":[{"count":3,"href":"https:\/\/agora.xtec.cat\/escmus-santpedor\/wp-json\/wp\/v2\/posts\/230\/revisions"}],"predecessor-version":[{"id":278,"href":"https:\/\/agora.xtec.cat\/escmus-santpedor\/wp-json\/wp\/v2\/posts\/230\/revisions\/278"}],"wp:attachment":[{"href":"https:\/\/agora.xtec.cat\/escmus-santpedor\/wp-json\/wp\/v2\/media?parent=230"}],"wp:term":[{"taxonomy":"category","embeddable":true,"href":"https:\/\/agora.xtec.cat\/escmus-santpedor\/wp-json\/wp\/v2\/categories?post=230"},{"taxonomy":"post_tag","embeddable":true,"href":"https:\/\/agora.xtec.cat\/escmus-santpedor\/wp-json\/wp\/v2\/tags?post=230"}],"curies":[{"name":"wp","href":"https:\/\/api.w.org\/{rel}","templated":true}]}}