{"id":2269,"date":"2025-11-14T19:06:27","date_gmt":"2025-11-14T18:06:27","guid":{"rendered":"https:\/\/agora.xtec.cat\/escmus-santpedor\/?p=2269"},"modified":"2025-11-14T19:06:27","modified_gmt":"2025-11-14T18:06:27","slug":"assaig-amb-lumb-per-santa-cecilia","status":"publish","type":"post","link":"https:\/\/agora.xtec.cat\/escmus-santpedor\/general\/assaig-amb-lumb-per-santa-cecilia\/","title":{"rendered":"ASSAIG AMB L&#8217;UMB PER SANTA CEC\u00cdLIA"},"content":{"rendered":"<p data-wp-editing=\"1\">M\u00e9s de 180 m\u00fasics tocant i preparant-nos pel concert de Santa Cec\u00edlia que organitza l&#8217;Uni\u00f3 Musical del Bages. Aquest diumenge farem l&#8217;estrena al Kursaal!!<\/p>\n<p data-wp-editing=\"1\"><a href=\"https:\/\/agora.xtec.cat\/escmus-santpedor\/wp-content\/uploads\/usu569\/2025\/11\/5.jpg\"><img loading=\"lazy\" decoding=\"async\" class=\"alignnone size-large wp-image-2272\" src=\"https:\/\/agora.xtec.cat\/escmus-santpedor\/wp-content\/uploads\/usu569\/2025\/11\/5.jpg\" alt=\"\" width=\"372\" height=\"497\" srcset=\"https:\/\/agora.xtec.cat\/escmus-santpedor\/wp-content\/uploads\/usu569\/2025\/11\/5.jpg 372w, https:\/\/agora.xtec.cat\/escmus-santpedor\/wp-content\/uploads\/usu569\/2025\/11\/5-225x300.jpg 225w\" sizes=\"auto, (max-width: 372px) 100vw, 372px\" \/><\/a> <a href=\"https:\/\/agora.xtec.cat\/escmus-santpedor\/wp-content\/uploads\/usu569\/2025\/11\/4.jpg\"><img loading=\"lazy\" decoding=\"async\" class=\"alignnone size-large wp-image-2273\" src=\"https:\/\/agora.xtec.cat\/escmus-santpedor\/wp-content\/uploads\/usu569\/2025\/11\/4.jpg\" alt=\"\" width=\"372\" height=\"497\" srcset=\"https:\/\/agora.xtec.cat\/escmus-santpedor\/wp-content\/uploads\/usu569\/2025\/11\/4.jpg 372w, https:\/\/agora.xtec.cat\/escmus-santpedor\/wp-content\/uploads\/usu569\/2025\/11\/4-225x300.jpg 225w\" sizes=\"auto, (max-width: 372px) 100vw, 372px\" \/><\/a> <a href=\"https:\/\/agora.xtec.cat\/escmus-santpedor\/wp-content\/uploads\/usu569\/2025\/11\/3.jpg\"><img loading=\"lazy\" decoding=\"async\" class=\"alignnone size-large wp-image-2274\" src=\"https:\/\/agora.xtec.cat\/escmus-santpedor\/wp-content\/uploads\/usu569\/2025\/11\/3.jpg\" alt=\"\" width=\"372\" height=\"497\" srcset=\"https:\/\/agora.xtec.cat\/escmus-santpedor\/wp-content\/uploads\/usu569\/2025\/11\/3.jpg 372w, https:\/\/agora.xtec.cat\/escmus-santpedor\/wp-content\/uploads\/usu569\/2025\/11\/3-225x300.jpg 225w\" sizes=\"auto, (max-width: 372px) 100vw, 372px\" \/><\/a> <a href=\"https:\/\/agora.xtec.cat\/escmus-santpedor\/wp-content\/uploads\/usu569\/2025\/11\/2.jpg\"><img loading=\"lazy\" decoding=\"async\" class=\"alignnone size-large wp-image-2275\" src=\"https:\/\/agora.xtec.cat\/escmus-santpedor\/wp-content\/uploads\/usu569\/2025\/11\/2.jpg\" alt=\"\" width=\"372\" height=\"497\" srcset=\"https:\/\/agora.xtec.cat\/escmus-santpedor\/wp-content\/uploads\/usu569\/2025\/11\/2.jpg 372w, https:\/\/agora.xtec.cat\/escmus-santpedor\/wp-content\/uploads\/usu569\/2025\/11\/2-225x300.jpg 225w\" sizes=\"auto, (max-width: 372px) 100vw, 372px\" \/><\/a> <a href=\"https:\/\/agora.xtec.cat\/escmus-santpedor\/wp-content\/uploads\/usu569\/2025\/11\/1.jpg\"><img loading=\"lazy\" decoding=\"async\" class=\"alignnone size-large wp-image-2276\" src=\"https:\/\/agora.xtec.cat\/escmus-santpedor\/wp-content\/uploads\/usu569\/2025\/11\/1.jpg\" alt=\"\" width=\"372\" height=\"497\" srcset=\"https:\/\/agora.xtec.cat\/escmus-santpedor\/wp-content\/uploads\/usu569\/2025\/11\/1.jpg 372w, https:\/\/agora.xtec.cat\/escmus-santpedor\/wp-content\/uploads\/usu569\/2025\/11\/1-225x300.jpg 225w\" sizes=\"auto, (max-width: 372px) 100vw, 372px\" \/> <\/a><a href=\"https:\/\/agora.xtec.cat\/escmus-santpedor\/wp-content\/uploads\/usu569\/2025\/11\/7.jpg\"><img loading=\"lazy\" decoding=\"async\" class=\"alignnone size-full wp-image-2277\" src=\"https:\/\/agora.xtec.cat\/escmus-santpedor\/wp-content\/uploads\/usu569\/2025\/11\/7.jpg\" alt=\"\" width=\"463\" height=\"347\" srcset=\"https:\/\/agora.xtec.cat\/escmus-santpedor\/wp-content\/uploads\/usu569\/2025\/11\/7.jpg 463w, https:\/\/agora.xtec.cat\/escmus-santpedor\/wp-content\/uploads\/usu569\/2025\/11\/7-300x225.jpg 300w, https:\/\/agora.xtec.cat\/escmus-santpedor\/wp-content\/uploads\/usu569\/2025\/11\/7-200x150.jpg 200w\" sizes=\"auto, (max-width: 463px) 100vw, 463px\" \/><\/a><a href=\"https:\/\/agora.xtec.cat\/escmus-santpedor\/wp-content\/uploads\/usu569\/2025\/11\/6.jpg\"><img loading=\"lazy\" decoding=\"async\" class=\"alignnone size-large wp-image-2271\" src=\"https:\/\/agora.xtec.cat\/escmus-santpedor\/wp-content\/uploads\/usu569\/2025\/11\/6.jpg\" alt=\"\" width=\"497\" height=\"372\" srcset=\"https:\/\/agora.xtec.cat\/escmus-santpedor\/wp-content\/uploads\/usu569\/2025\/11\/6.jpg 497w, https:\/\/agora.xtec.cat\/escmus-santpedor\/wp-content\/uploads\/usu569\/2025\/11\/6-300x225.jpg 300w, https:\/\/agora.xtec.cat\/escmus-santpedor\/wp-content\/uploads\/usu569\/2025\/11\/6-200x150.jpg 200w\" sizes=\"auto, (max-width: 497px) 100vw, 497px\" \/><\/a><\/p>\n","protected":false},"excerpt":{"rendered":"<p>M\u00e9s de 180 m\u00fasics tocant i preparant-nos pel concert de Santa Cec\u00edlia que organitza l&#8217;Uni\u00f3 Musical del Bages. Aquest diumenge farem l&#8217;estrena al Kursaal!!<br \/>\n<a href=\"https:\/\/agora.xtec.cat\/escmus-santpedor\/wp-content\/uploads\/usu569\/2025\/11\/5.jpg\"><\/a> <a href=\"https:\/\/agora.xtec.cat\/escmus-santpedor\/wp-content\/uploads\/usu569\/2025\/11\/4.jpg\"><\/a> <a href=\"https:\/\/agora.xtec.cat\/escmus-santpedor\/wp-content\/uploads\/usu569\/2025\/11\/3.jpg\"><\/a> <a href=\"https:\/\/agora.xtec.cat\/escmus-santpedor\/wp-content\/uploads\/usu569\/2025\/11\/2.jpg\"><\/a> <a href=\"https:\/\/agora.xtec.cat\/escmus-santpedor\/wp-content\/uploads\/usu569\/2025\/11\/1.jpg\"> <\/a><a href=\"https:\/\/agora.xtec.cat\/escmus-santpedor\/wp-content\/uploads\/usu569\/2025\/11\/7.jpg\"><\/a><a href=\"https:\/\/agora.xtec.cat\/escmus-santpedor\/wp-content\/uploads\/usu569\/2025\/11\/6.jpg\"><\/a><\/p>\n","protected":false},"author":1,"featured_media":0,"comment_status":"open","ping_status":"open","sticky":false,"template":"","format":"standard","meta":{"_bbp_topic_count":0,"_bbp_reply_count":0,"_bbp_total_topic_count":0,"_bbp_total_reply_count":0,"_bbp_voice_count":0,"_bbp_anonymous_reply_count":0,"_bbp_topic_count_hidden":0,"_bbp_reply_count_hidden":0,"_bbp_forum_subforum_count":0,"footnotes":""},"categories":[1,33,4],"tags":[],"class_list":["post-2269","post","type-post","status-publish","format-standard","hentry","category-general","category-instruments","category-portada"],"post_mailing_queue_ids":[],"_links":{"self":[{"href":"https:\/\/agora.xtec.cat\/escmus-santpedor\/wp-json\/wp\/v2\/posts\/2269","targetHints":{"allow":["GET"]}}],"collection":[{"href":"https:\/\/agora.xtec.cat\/escmus-santpedor\/wp-json\/wp\/v2\/posts"}],"about":[{"href":"https:\/\/agora.xtec.cat\/escmus-santpedor\/wp-json\/wp\/v2\/types\/post"}],"author":[{"embeddable":true,"href":"https:\/\/agora.xtec.cat\/escmus-santpedor\/wp-json\/wp\/v2\/users\/1"}],"replies":[{"embeddable":true,"href":"https:\/\/agora.xtec.cat\/escmus-santpedor\/wp-json\/wp\/v2\/comments?post=2269"}],"version-history":[{"count":1,"href":"https:\/\/agora.xtec.cat\/escmus-santpedor\/wp-json\/wp\/v2\/posts\/2269\/revisions"}],"predecessor-version":[{"id":2278,"href":"https:\/\/agora.xtec.cat\/escmus-santpedor\/wp-json\/wp\/v2\/posts\/2269\/revisions\/2278"}],"wp:attachment":[{"href":"https:\/\/agora.xtec.cat\/escmus-santpedor\/wp-json\/wp\/v2\/media?parent=2269"}],"wp:term":[{"taxonomy":"category","embeddable":true,"href":"https:\/\/agora.xtec.cat\/escmus-santpedor\/wp-json\/wp\/v2\/categories?post=2269"},{"taxonomy":"post_tag","embeddable":true,"href":"https:\/\/agora.xtec.cat\/escmus-santpedor\/wp-json\/wp\/v2\/tags?post=2269"}],"curies":[{"name":"wp","href":"https:\/\/api.w.org\/{rel}","templated":true}]}}